{"id":9622,"date":"2026-08-31T14:00:25","date_gmt":"2026-08-31T12:00:25","guid":{"rendered":"https:\/\/francebus.com\/?p=9622"},"modified":"2026-07-08T15:46:32","modified_gmt":"2026-07-08T13:46:32","slug":"cannes-congress-and-trade-shows-2026-2027-minivan-rental","status":"publish","type":"post","link":"https:\/\/francebus.com\/en\/cannes-congress-and-trade-shows-2026-2027-minivan-rental\/","title":{"rendered":"Congresses and trade shows in Cannes in 2026\/2027: The events calendar and the business benefits of a private chauffeur"},"content":{"rendered":"<p>La C\u00f4te d\u2019Azur s&rsquo;impose comme la <strong>destination incontournable du tourisme d\u2019affaires<\/strong> (MICE) en Europe. Entre infrastructures de classe mondiale, dynamisme entrepreneurial et cadre d\u2019exception, la r\u00e9gion se pr\u00e9pare \u00e0 une ann\u00e9e 2027 particuli\u00e8rement riche en congr\u00e8s, salons et opportunit\u00e9s de networking.<\/p>\n<div id=\"ez-toc-container\" class=\"ez-toc-v2_0_87 counter-hierarchy ez-toc-counter ez-toc-grey ez-toc-container-direction\">\n<div class=\"ez-toc-title-container\">\n<p class=\"ez-toc-title\" style=\"cursor:inherit\">Sommaire<\/p>\n<span class=\"ez-toc-title-toggle\"><a href=\"#\" class=\"ez-toc-pull-right ez-toc-btn ez-toc-btn-xs ez-toc-btn-default ez-toc-toggle\" aria-label=\"Toggle Table of Content\"><span class=\"ez-toc-js-icon-con\"><span class=\"\"><span class=\"eztoc-hide\" style=\"display:none;\">Toggle<\/span><span class=\"ez-toc-icon-toggle-span\"><svg style=\"fill: #999;color:#999\" xmlns=\"http:\/\/www.w3.org\/2000\/svg\" class=\"list-377408\" width=\"20px\" height=\"20px\" viewBox=\"0 0 24 24\" fill=\"none\"><path d=\"M6 6H4v2h2V6zm14 0H8v2h12V6zM4 11h2v2H4v-2zm16 0H8v2h12v-2zM4 16h2v2H4v-2zm16 0H8v2h12v-2z\" fill=\"currentColor\"><\/path><\/svg><svg style=\"fill: #999;color:#999\" class=\"arrow-unsorted-368013\" xmlns=\"http:\/\/www.w3.org\/2000\/svg\" width=\"10px\" height=\"10px\" viewBox=\"0 0 24 24\" version=\"1.2\" baseProfile=\"tiny\"><path d=\"M18.2 9.3l-6.2-6.3-6.2 6.3c-.2.2-.3.4-.3.7s.1.5.3.7c.2.2.4.3.7.3h11c.3 0 .5-.1.7-.3.2-.2.3-.5.3-.7s-.1-.5-.3-.7zM5.8 14.7l6.2 6.3 6.2-6.3c.2-.2.3-.5.3-.7s-.1-.5-.3-.7c-.2-.2-.4-.3-.7-.3h-11c-.3 0-.5.1-.7.3-.2.2-.3.5-.3.7s.1.5.3.7z\"\/><\/svg><\/span><\/span><\/span><\/a><\/span><\/div>\n<nav><ul class='ez-toc-list ez-toc-list-level-1 ' ><li class='ez-toc-page-1 ez-toc-heading-level-2'><a class=\"ez-toc-link ez-toc-heading-1\" href=\"https:\/\/francebus.com\/en\/cannes-congress-and-trade-shows-2026-2027-minivan-rental\/#I_Cannes_capitale_mondiale_du_tourisme_daffaires_%F0%9F%8F%9B%EF%B8%8F\" >I. Cannes, capitale mondiale du tourisme d&rsquo;affaires \ud83c\udfdb\ufe0f<\/a><ul class='ez-toc-list-level-3' ><li class='ez-toc-heading-level-3'><a class=\"ez-toc-link ez-toc-heading-2\" href=\"https:\/\/francebus.com\/en\/cannes-congress-and-trade-shows-2026-2027-minivan-rental\/#1_Opportunites_professionnelles\" >1. Opportunit\u00e9s professionnelles<\/a><\/li><li class='ez-toc-page-1 ez-toc-heading-level-3'><a class=\"ez-toc-link ez-toc-heading-3\" href=\"https:\/\/francebus.com\/en\/cannes-congress-and-trade-shows-2026-2027-minivan-rental\/#2_Accessibilite_et_infrastructures\" >2. Accessibilit\u00e9 et infrastructures<\/a><\/li><\/ul><\/li><li class='ez-toc-page-1 ez-toc-heading-level-2'><a class=\"ez-toc-link ez-toc-heading-4\" href=\"https:\/\/francebus.com\/en\/cannes-congress-and-trade-shows-2026-2027-minivan-rental\/#II_Calendrier_general_des_evenements_professionnels_en_2027_a_Cannes\" >II. Calendrier g\u00e9n\u00e9ral des \u00e9v\u00e9nements professionnels en 2027 \u00e0 Cannes<\/a><ul class='ez-toc-list-level-3' ><li class='ez-toc-heading-level-3'><a class=\"ez-toc-link ez-toc-heading-5\" href=\"https:\/\/francebus.com\/en\/cannes-congress-and-trade-shows-2026-2027-minivan-rental\/#1_Cannes_Yachting_Festival_2026\" >1. Cannes Yachting Festival 2026<\/a><\/li><li class='ez-toc-page-1 ez-toc-heading-level-3'><a class=\"ez-toc-link ez-toc-heading-6\" href=\"https:\/\/francebus.com\/en\/cannes-congress-and-trade-shows-2026-2027-minivan-rental\/#2_All4Customer_Meetings_2026\" >2. All4Customer Meetings 2026<\/a><\/li><li class='ez-toc-page-1 ez-toc-heading-level-3'><a class=\"ez-toc-link ez-toc-heading-7\" href=\"https:\/\/francebus.com\/en\/cannes-congress-and-trade-shows-2026-2027-minivan-rental\/#3_Monaco_Yacht_Show_2026\" >3. Monaco Yacht Show 2026<\/a><\/li><li class='ez-toc-page-1 ez-toc-heading-level-3'><a class=\"ez-toc-link ez-toc-heading-8\" href=\"https:\/\/francebus.com\/en\/cannes-congress-and-trade-shows-2026-2027-minivan-rental\/#4_TFWA_World_Exhibition_Conference_2026\" >4. TFWA World Exhibition &amp; Conference 2026<\/a><\/li><li class='ez-toc-page-1 ez-toc-heading-level-3'><a class=\"ez-toc-link ez-toc-heading-9\" href=\"https:\/\/francebus.com\/en\/cannes-congress-and-trade-shows-2026-2027-minivan-rental\/#5_Luxe_Pack_Monaco_2026\" >5. Luxe Pack Monaco 2026<\/a><\/li><li class='ez-toc-page-1 ez-toc-heading-level-3'><a class=\"ez-toc-link ez-toc-heading-10\" href=\"https:\/\/francebus.com\/en\/cannes-congress-and-trade-shows-2026-2027-minivan-rental\/#6_MIPCOM_2026\" >6. MIPCOM 2026<\/a><\/li><li class='ez-toc-page-1 ez-toc-heading-level-3'><a class=\"ez-toc-link ez-toc-heading-11\" href=\"https:\/\/francebus.com\/en\/cannes-congress-and-trade-shows-2026-2027-minivan-rental\/#7_Sportel_Monaco_2026\" >7. Sportel Monaco 2026<\/a><\/li><li class='ez-toc-page-1 ez-toc-heading-level-3'><a class=\"ez-toc-link ez-toc-heading-12\" href=\"https:\/\/francebus.com\/en\/cannes-congress-and-trade-shows-2026-2027-minivan-rental\/#8_MAPIC_2026\" >8. MAPIC 2026<\/a><\/li><li class='ez-toc-page-1 ez-toc-heading-level-3'><a class=\"ez-toc-link ez-toc-heading-13\" href=\"https:\/\/francebus.com\/en\/cannes-congress-and-trade-shows-2026-2027-minivan-rental\/#9_Healthcare_Meetings_2026\" >9. Healthcare Meetings 2026<\/a><\/li><li class='ez-toc-page-1 ez-toc-heading-level-3'><a class=\"ez-toc-link ez-toc-heading-14\" href=\"https:\/\/francebus.com\/en\/cannes-congress-and-trade-shows-2026-2027-minivan-rental\/#10_ILTM_Cannes_2026_International_Luxury_Travel_Market\" >10. ILTM Cannes 2026 (International Luxury Travel Market)<\/a><\/li><li class='ez-toc-page-1 ez-toc-heading-level-3'><a class=\"ez-toc-link ez-toc-heading-15\" href=\"https:\/\/francebus.com\/en\/cannes-congress-and-trade-shows-2026-2027-minivan-rental\/#11_Assises_dORL_2027_Face_et_Cou\" >11. Assises d&rsquo;ORL 2027 (Face et Cou)<\/a><\/li><li class='ez-toc-page-1 ez-toc-heading-level-3'><a class=\"ez-toc-link ez-toc-heading-16\" href=\"https:\/\/francebus.com\/en\/cannes-congress-and-trade-shows-2026-2027-minivan-rental\/#12_IPEM_Cannes_2027\" >12. IPEM Cannes 2027<\/a><\/li><li class='ez-toc-page-1 ez-toc-heading-level-3'><a class=\"ez-toc-link ez-toc-heading-17\" href=\"https:\/\/francebus.com\/en\/cannes-congress-and-trade-shows-2026-2027-minivan-rental\/#13_Heavent_Meetings_2027\" >13. Heavent Meetings 2027<\/a><\/li><li class='ez-toc-page-1 ez-toc-heading-level-3'><a class=\"ez-toc-link ez-toc-heading-18\" href=\"https:\/\/francebus.com\/en\/cannes-congress-and-trade-shows-2026-2027-minivan-rental\/#14_MIPIM_2027\" >14. MIPIM 2027<\/a><\/li><li class='ez-toc-page-1 ez-toc-heading-level-3'><a class=\"ez-toc-link ez-toc-heading-19\" href=\"https:\/\/francebus.com\/en\/cannes-congress-and-trade-shows-2026-2027-minivan-rental\/#15_Hotel_Restaurant_Meetings_2027\" >15. Hotel &amp; Restaurant Meetings 2027<\/a><\/li><li class='ez-toc-page-1 ez-toc-heading-level-3'><a class=\"ez-toc-link ez-toc-heading-20\" href=\"https:\/\/francebus.com\/en\/cannes-congress-and-trade-shows-2026-2027-minivan-rental\/#16_AMWC_Monaco_2027\" >16. AMWC Monaco 2027<\/a><\/li><li class='ez-toc-page-1 ez-toc-heading-level-3'><a class=\"ez-toc-link ez-toc-heading-21\" href=\"https:\/\/francebus.com\/en\/cannes-congress-and-trade-shows-2026-2027-minivan-rental\/#17_EthCC_2027_Ethereum_Community_Conference\" >17. EthCC 2027 (Ethereum Community Conference)<\/a><\/li><li class='ez-toc-page-1 ez-toc-heading-level-3'><a class=\"ez-toc-link ez-toc-heading-22\" href=\"https:\/\/francebus.com\/en\/cannes-congress-and-trade-shows-2026-2027-minivan-rental\/#18_Marche_du_Film_%E2%80%93_Festival_de_Cannes_2027\" >18. March\u00e9 du Film &#8211; Festival de Cannes 2027<\/a><\/li><li class='ez-toc-page-1 ez-toc-heading-level-3'><a class=\"ez-toc-link ez-toc-heading-23\" href=\"https:\/\/francebus.com\/en\/cannes-congress-and-trade-shows-2026-2027-minivan-rental\/#19_Cannes_Lions_2027\" >19. Cannes Lions 2027<\/a><\/li><\/ul><\/li><li class='ez-toc-page-1 ez-toc-heading-level-2'><a class=\"ez-toc-link ez-toc-heading-24\" href=\"https:\/\/francebus.com\/en\/cannes-congress-and-trade-shows-2026-2027-minivan-rental\/#III_Pourquoi_louer_un_minivan_avec_chauffeur_pour_vos_evenements_a_Cannes\" >III : Pourquoi louer un minivan avec chauffeur pour vos \u00e9v\u00e9nements \u00e0 Cannes ?<\/a><\/li><li class='ez-toc-page-1 ez-toc-heading-level-2'><a class=\"ez-toc-link ez-toc-heading-25\" href=\"https:\/\/francebus.com\/en\/cannes-congress-and-trade-shows-2026-2027-minivan-rental\/#IV_Pourquoi_choisir_Francebus_comme_partenaire_de_transport_pour_vos_evenements_professionnels_a_Cannes\" >IV. Pourquoi choisir Francebus comme partenaire de transport pour vos \u00e9v\u00e8nements professionnels \u00e0 Cannes ?<\/a><\/li><li class='ez-toc-page-1 ez-toc-heading-level-2'><a class=\"ez-toc-link ez-toc-heading-26\" href=\"https:\/\/francebus.com\/en\/cannes-congress-and-trade-shows-2026-2027-minivan-rental\/#Demandez_votre_devis_gratuit_en_ligne\" >Demandez votre devis gratuit en ligne.\u00a0<\/a><\/li><li class='ez-toc-page-1 ez-toc-heading-level-2'><a class=\"ez-toc-link ez-toc-heading-27\" href=\"https:\/\/francebus.com\/en\/cannes-congress-and-trade-shows-2026-2027-minivan-rental\/#Lire_plus\" >Lire plus :\u00a0<\/a><\/li><\/ul><\/nav><\/div>\n<h2><span class=\"ez-toc-section\" id=\"I_Cannes_capitale_mondiale_du_tourisme_daffaires_%F0%9F%8F%9B%EF%B8%8F\"><\/span>I. Cannes, capitale mondiale du tourisme d&rsquo;affaires \ud83c\udfdb\ufe0f<span class=\"ez-toc-section-end\"><\/span><\/h2>\n<p>Derri\u00e8re les paillettes et le tapis rouge, Cannes est avant tout une formidable machine \u00e9conomique. Deuxi\u00e8me ville de congr\u00e8s en France apr\u00e8s Paris, elle offre une unit\u00e9 de lieu unique au monde. Tout se fait \u00e0 pied : le Palais des Festivals, les grands h\u00f4tels de la Croisette, les restaurants et les plages priv\u00e9es se trouvent dans un rayon de moins de deux kilom\u00e8tres. Ce format \u00ab\u00a0village\u00a0\u00bb permet d&rsquo;optimiser le temps des d\u00e9cideurs et multiplie les opportunit\u00e9s de rencontres informelles.<\/p>\n<h3><span class=\"ez-toc-section\" id=\"1_Opportunites_professionnelles\"><\/span>1. Opportunit\u00e9s professionnelles<span class=\"ez-toc-section-end\"><\/span><\/h3>\n<p>Participer \u00e0 un \u00e9v\u00e9nement \u00e0 Cannes, c\u2019est s\u2019ouvrir aux <strong>march\u00e9s internationaux<\/strong>. Qu&rsquo;il s&rsquo;agisse de l&rsquo;immobilier, de la tech, du luxe ou de l&rsquo;audiovisuel, la ville attire les d\u00e9cideurs de premier plan (C-Level, investisseurs, acheteurs qualifi\u00e9s). Les formats de salons \u00ab\u00a0One-to-One\u00a0\u00bb y sont particuli\u00e8rement d\u00e9velopp\u00e9s, garantissant un retour sur investissement (ROI) \u00e9lev\u00e9 pour les exposants.<\/p>\n<h3><span class=\"ez-toc-section\" id=\"2_Accessibilite_et_infrastructures\"><\/span>2. Accessibilit\u00e9 et infrastructures<span class=\"ez-toc-section-end\"><\/span><\/h3>\n<p><strong>A\u00e9roport Nice C\u00f4te d\u2019Azur :<\/strong> Situ\u00e9 \u00e0 seulement 25 minutes de Cannes, il connecte la r\u00e9gion aux plus grandes capitales mondiales avec de nombreux vols directs.<\/p>\n<p><strong>Gare TGV de Cannes :<\/strong> Situ\u00e9e en plein centre-ville, elle facilite l&rsquo;acc\u00e8s depuis Paris, Lyon ou Marseille.<\/p>\n<p><strong>Le Palais des Festivals et des Congr\u00e8s :<\/strong> Une infrastructure \u00e9co-responsable certifi\u00e9e, offrant des espaces modulables de haute technologie et une expertise logistique reconnue mondialement.<\/p>\n<h2><span class=\"ez-toc-section\" id=\"II_Calendrier_general_des_evenements_professionnels_en_2027_a_Cannes\"><\/span>II. Calendrier g\u00e9n\u00e9ral des \u00e9v\u00e9nements professionnels en 2027 \u00e0 Cannes<span class=\"ez-toc-section-end\"><\/span><\/h2>\n<h3><span class=\"ez-toc-section\" id=\"1_Cannes_Yachting_Festival_2026\"><\/span>1. Cannes Yachting Festival 2026<span class=\"ez-toc-section-end\"><\/span><\/h3>\n<p><iframe title=\"Cannes Yachting Festival 2025 - official best of movie\" width=\"800\" height=\"450\" src=\"https:\/\/www.youtube.com\/embed\/F7q4VA6XGiU?feature=oembed\" frameborder=\"0\" allow=\"accelerometer; autoplay; clipboard-write; encrypted-media; gyroscope; picture-in-picture; web-share\" referrerpolicy=\"strict-origin-when-cross-origin\" allowfullscreen><\/iframe><\/p>\n<p>Premier salon \u00e0 flot d&rsquo;Europe, le Cannes Yachting Festival marque l&rsquo;<strong>ouverture de la saison nautique mondiale<\/strong>. L&rsquo;\u00e9v\u00e9nement se d\u00e9ploie sur deux sites d\u2019exception : le <strong>Vieux Port<\/strong> (d\u00e9di\u00e9 aux navires de prestige \u00e0 moteur) et le <strong>Port Canto<\/strong> (d\u00e9di\u00e9 \u00e0 l&rsquo;univers de la voile et aux grands voiliers).<\/p>\n<p>L&rsquo;\u00e9dition 2026 mettra fortement en avant les technologies marines de transition : propulsions hybrides et \u00e9lectriques, foils de grande \u00e9chelle, carburants de synth\u00e8se et mat\u00e9riaux de coque biosourc\u00e9s. C&rsquo;est le lieu id\u00e9al pour les armateurs, les courtiers maritimes (brokers) et les passionn\u00e9s fortun\u00e9s pour essayer les unit\u00e9s en mer de grande envergure avant de passer commande.<\/p>\n<p><strong>\ud83d\udcc5 Dates :<\/strong> Du 08 au 13 Septembre 2026<\/p>\n<p><strong>\ud83c\udff7\ufe0f Type d&rsquo;\u00e9v\u00e9nement :<\/strong> Salon nautique international \u00e0 flot\u00a0<\/p>\n<p><strong>\ud83c\udfaf Caract\u00e9ristiques &amp; chiffres cl\u00e9s :<\/strong> Plus de 700 bateaux de 5 \u00e0 50 m\u00e8tres expos\u00e9s, dont plus de 130 lancements et avant-premi\u00e8res mondiales, attirant plus de 55 000 visiteurs internationaux.<\/p>\n<p><a href=\"https:\/\/www.cannesyachtingfestival.com\/\" target=\"_blank\" rel=\"noopener\">Consulter le site de l&rsquo;\u00e9v\u00e8nement Cannes Yachting Festival.\u00a0<\/a><\/p>\n<h3><span class=\"ez-toc-section\" id=\"2_All4Customer_Meetings_2026\"><\/span>2. All4Customer Meetings 2026<span class=\"ez-toc-section-end\"><\/span><\/h3>\n<p><iframe title=\"ALL4Customer Meetings Cannes 2025\" width=\"800\" height=\"450\" src=\"https:\/\/www.youtube.com\/embed\/V2FPk6juUHc?feature=oembed\" frameborder=\"0\" allow=\"accelerometer; autoplay; clipboard-write; encrypted-media; gyroscope; picture-in-picture; web-share\" referrerpolicy=\"strict-origin-when-cross-origin\" allowfullscreen><\/iframe><\/p>\n<p>Ce salon d\u2019affaires exclusif r\u00e9unit l&rsquo;<strong>\u00e9cosyst\u00e8me du marketing digital, du e-commerce, de la data, de l&rsquo;intelligence artificielle appliqu\u00e9e<\/strong> et de<strong> la relation client<\/strong>. Con\u00e7u pour g\u00e9n\u00e9rer du business direct, il met en relation des directeurs marketing et des directeurs de l&rsquo;exp\u00e9rience client (CX) avec des fournisseurs de solutions logicielles de pointe.<\/p>\n<p>En 2026, le salon se concentrera sur l&rsquo;hyper-personnalisation en temps r\u00e9el des parcours de vente gr\u00e2ce aux grands mod\u00e8les de langage (LLM), la protection de la vie priv\u00e9e \u00e0 l&rsquo;\u00e8re post-cookies et l&rsquo;optimisation de la logistique du commerce omnicanal. L&rsquo;\u00e9v\u00e9nement se distingue par la qualit\u00e9 de ses conf\u00e9rences pl\u00e9ni\u00e8res et ses ateliers de d\u00e9monstration concrets.<\/p>\n<p><strong>\ud83d\udcc5 Dates :<\/strong> Du 15 au 17 Septembre 2026<\/p>\n<p><strong>\ud83c\udff7\ufe0f Type d&rsquo;\u00e9v\u00e9nement :<\/strong> Salon d&rsquo;affaires One-to-One d\u00e9di\u00e9 \u00e0 l&rsquo;exp\u00e9rience client et \u00e0 la tech marketing<\/p>\n<p><strong>\ud83c\udfaf Caract\u00e9ristiques &amp; chiffres cl\u00e9s :<\/strong> Plus de 150 exposants sp\u00e9cialis\u00e9s, des centaines de d\u00e9cideurs invit\u00e9s s\u00e9lectionn\u00e9s sur projet, et un planning dense de rendez-vous d&rsquo;affaires pr\u00e9-qualifi\u00e9s.<\/p>\n<p><a href=\"https:\/\/www.all4customer-one-to-one-meetings.fr\/\" target=\"_blank\" rel=\"noopener\">Consulter le site de l&rsquo;\u00e9v\u00e8nement All4Customer Meetings.\u00a0<\/a><\/p>\n<h3><span class=\"ez-toc-section\" id=\"3_Monaco_Yacht_Show_2026\"><\/span>3. Monaco Yacht Show 2026<span class=\"ez-toc-section-end\"><\/span><\/h3>\n<p><iframe title=\"Monaco Yacht Show 2025 - the highlights\" width=\"800\" height=\"450\" src=\"https:\/\/www.youtube.com\/embed\/5r4ckmx7kk0?feature=oembed\" frameborder=\"0\" allow=\"accelerometer; autoplay; clipboard-write; encrypted-media; gyroscope; picture-in-picture; web-share\" referrerpolicy=\"strict-origin-when-cross-origin\" allowfullscreen><\/iframe><\/p>\n<p>Situ\u00e9 au <strong>Port Hercule de Monaco<\/strong> mais g\u00e9n\u00e9rant un flux de client\u00e8le haut de gamme et de transport VIP \u00e0 travers toute la Riviera (notamment depuis l&rsquo;a\u00e9roport de Nice et les h\u00e9liports), le Monaco Yacht Show est le plus grand rassemblement annuel de superyachts au monde. Il s&rsquo;adresse exclusivement \u00e0 une client\u00e8le ultra-fortun\u00e9e et aux professionnels du courtage, du design et de l&rsquo;architecture navale d&rsquo;exception.<\/p>\n<p>L&rsquo;\u00e9dition 2026 se focalisera sur les d\u00e9fis du yachting \u00e9co-responsable (gestion des d\u00e9chets en mer, technologies z\u00e9ro \u00e9mission au mouillage) et pr\u00e9sentera des innovations uniques en mati\u00e8re de jouets nautiques technologiques et de tenders de luxe.<\/p>\n<p><strong>\ud83d\udcc5 Dates :<\/strong> Du 23 au 26 septembre 2026<\/p>\n<p><strong>\ud83c\udff7\ufe0f Type d&rsquo;\u00e9v\u00e9nement :<\/strong> Salon mondial exclusif de la Grande Plaisance (Superyachting)<\/p>\n<p><strong>\ud83c\udfaf Caract\u00e9ristiques &amp; chiffres cl\u00e9s :<\/strong> Plus de 120 superyachts et megayachts d&rsquo;une valeur moyenne de plusieurs dizaines de millions d&rsquo;euros expos\u00e9s, compl\u00e9t\u00e9s par une zone de design de luxe et de voitures d&rsquo;exception.<\/p>\n<p><a href=\"https:\/\/www.youtube.com\/watch?v=V2FPk6juUHc\" target=\"_blank\" rel=\"noopener\">Consulter le site de l&rsquo;\u00e9v\u00e8nement Monaco Yacht Show 2026.\u00a0<\/a><\/p>\n<h3><span class=\"ez-toc-section\" id=\"4_TFWA_World_Exhibition_Conference_2026\"><\/span>4. TFWA World Exhibition &amp; Conference 2026<span class=\"ez-toc-section-end\"><\/span><\/h3>\n<p><iframe title=\"TFWA World Exhibition &amp; Conference, Cannes 2022 | The Review - Business development on the beach\" width=\"800\" height=\"450\" src=\"https:\/\/www.youtube.com\/embed\/jbXB5bJwuXg?feature=oembed\" frameborder=\"0\" allow=\"accelerometer; autoplay; clipboard-write; encrypted-media; gyroscope; picture-in-picture; web-share\" referrerpolicy=\"strict-origin-when-cross-origin\" allowfullscreen><\/iframe><\/p>\n<p>Organis\u00e9 par la Tax Free World Association, cet \u00e9v\u00e9nement est le sommet mondial unique pour l&rsquo;industrie florissante du <strong>commerce de voyage<\/strong>. Il r\u00e9unit les plus grandes marques mondiales (parfums et cosm\u00e9tiques de luxe, mode et accessoires, vins et spiritueux, haute confiserie) et les op\u00e9rateurs d&rsquo;a\u00e9roports, de compagnies a\u00e9riennes, de gares et de croisi\u00e8res maritimes.<\/p>\n<p>En 2026, la conf\u00e9rence abordera la transformation des boutiques d&rsquo;a\u00e9roports en espaces d&rsquo;exp\u00e9rience haut de gamme hautement digitalis\u00e9s, l&rsquo;adaptation aux nouvelles habitudes d&rsquo;achat des voyageurs internationaux et les enjeux de durabilit\u00e9 dans la cha\u00eene logistique mondiale du Duty Free.<\/p>\n<p><strong>\ud83d\udcc5 Dates :<\/strong> Du 27 Septembre au 01 Octobre 2026<\/p>\n<p><strong>\ud83c\udff7\ufe0f Type d&rsquo;\u00e9v\u00e9nement :<\/strong> Sommet mondial du Travel Retail et du commerce hors-taxe (Duty Free)<\/p>\n<p><strong>\ud83c\udfaf Caract\u00e9ristiques &amp; chiffres cl\u00e9s :<\/strong> Plus de 7 000 d\u00e9l\u00e9gu\u00e9s internationaux, des centaines de marques prestigieuses exposantes transformant le Palais des Festivals en une immense galerie marchande de luxe \u00e9ph\u00e9m\u00e8re.<\/p>\n<p><a href=\"https:\/\/www.tfwa.com\/\" target=\"_blank\" rel=\"noopener\">Consulter le site de l&rsquo;\u00e9v\u00e8nement TFWA World Exhibition &amp; Conference 2026.<\/a><\/p>\n<h3><span class=\"ez-toc-section\" id=\"5_Luxe_Pack_Monaco_2026\"><\/span>5. Luxe Pack Monaco 2026<span class=\"ez-toc-section-end\"><\/span><\/h3>\n<p><iframe title=\"[LUXE PACK Monaco] Unbox your vision. Lead the change.\" width=\"800\" height=\"450\" src=\"https:\/\/www.youtube.com\/embed\/giuWd25GtjM?feature=oembed\" frameborder=\"0\" allow=\"accelerometer; autoplay; clipboard-write; encrypted-media; gyroscope; picture-in-picture; web-share\" referrerpolicy=\"strict-origin-when-cross-origin\" allowfullscreen><\/iframe><\/p>\n<p>\u00c9v\u00e9nement se d\u00e9roulant \u00e0 <strong>Monaco au Grimaldi Forum<\/strong> mais attirant une grande partie des h\u00e9bergements et transferts d&rsquo;affaires sur l&rsquo;axe Nice-Cannes, Luxe Pack rassemble les fabricants mondiaux d&#8217;emballages d&rsquo;exception pour les secteurs de la <strong>parfumerie, de la cosm\u00e9tique, de la joaillerie, des vins fins et des spiritueux<\/strong>.<\/p>\n<p>L&rsquo;\u00e9dition 2026 mettra au d\u00e9fi les exposants de concilier le raffinement extr\u00eame, le prestige des mat\u00e9riaux et l&rsquo;\u00e9co-conception radicale (z\u00e9ro plastique, recharges innovantes, papiers connect\u00e9s et recyclables \u00e0 l\u2019infini). C&rsquo;est le lieu d&rsquo;inspiration privil\u00e9gi\u00e9 des directeurs artistiques et des responsables de d\u00e9veloppement de produits des marques mondiales de luxe.<\/p>\n<p><strong>\ud83d\udcc5 Dates :<\/strong> Du 28 au 30 Septembre 2026<\/p>\n<p><strong>\ud83c\udff7\ufe0f Type d&rsquo;\u00e9v\u00e9nement :<\/strong> Salon mondial du packaging de luxe et de la cr\u00e9ation d&#8217;emballages innovants<\/p>\n<p><strong>\ud83c\udfaf Caract\u00e9ristiques &amp;\u00a0 chiffres cl\u00e9s :<\/strong> Plus de 450 exposants tri\u00e9s sur le volet et plus de 9 000 professionnels du design, du marketing et du packaging en qu\u00eate d&rsquo;innovations de pointe.<\/p>\n<p><a href=\"https:\/\/www.luxepackmonaco.com\/\" target=\"_blank\" rel=\"noopener\">Consulter le site de l&rsquo;\u00e9v\u00e8nement Luxe Pack Monaco.\u00a0<\/a><\/p>\n<h3><span class=\"ez-toc-section\" id=\"6_MIPCOM_2026\"><\/span>6. MIPCOM 2026<span class=\"ez-toc-section-end\"><\/span><\/h3>\n<p><iframe title=\"MIPCOM CANNES 2025 - Wrap Video\" width=\"800\" height=\"450\" src=\"https:\/\/www.youtube.com\/embed\/-N5ZfjLOYMk?feature=oembed\" frameborder=\"0\" allow=\"accelerometer; autoplay; clipboard-write; encrypted-media; gyroscope; picture-in-picture; web-share\" referrerpolicy=\"strict-origin-when-cross-origin\" allowfullscreen><\/iframe><\/p>\n<p>Surnomm\u00e9 \u00ab\u00a0La grande messe mondiale de la t\u00e9l\u00e9vision\u00a0\u00bb, le MIPCOM est le <strong>plus grand march\u00e9 mondial de contenus pour l&rsquo;industrie du divertissement<\/strong>. Durant quatre jours, les dirigeants de r\u00e9seaux TV, de studios de production et de plateformes de streaming mondiales se r\u00e9unissent pour acheter et vendre des concepts d&rsquo;\u00e9missions, acqu\u00e9rir des droits de diffusion internationaux pour des s\u00e9ries \u00e0 succ\u00e8s et conclure des accords de coproduction transfrontaliers.<\/p>\n<p>En 2026, le MIPCOM se penchera sur l&rsquo;impact de la cr\u00e9ation de contenus par IA, l&rsquo;\u00e9volution du mod\u00e8le des cha\u00eenes de streaming gratuites financ\u00e9es par la publicit\u00e9 et l&rsquo;essor des productions locales \u00e0 fort potentiel d&rsquo;exportation mondiale.<\/p>\n<p><strong>\ud83d\udcc5 Dates :<\/strong> Du 12 au 15 Octobre 2026<\/p>\n<p><strong>\ud83c\udff7\ufe0f Type d&rsquo;\u00e9v\u00e9nement :<\/strong> March\u00e9 international des contenus audiovisuels, du divertissement et des droits de diffusion\u00a0<\/p>\n<p><strong>\ud83c\udfaf Caract\u00e9ristiques &amp; chiffres cl\u00e9s :<\/strong> Plus de 11 000 participants professionnels, 3 100+ acheteurs internationaux de premier plan, repr\u00e9sentant plus de 100 pays et les studios de production les plus influents de l&rsquo;industrie m\u00e9diatique.<\/p>\n<p><a href=\"https:\/\/www.mipcom.com\/\" target=\"_blank\" rel=\"noopener\">Consulter le site de l&rsquo;\u00e9v\u00e8nement MIPCOM.<\/a><\/p>\n<h3><span class=\"ez-toc-section\" id=\"7_Sportel_Monaco_2026\"><\/span>7. Sportel Monaco 2026<span class=\"ez-toc-section-end\"><\/span><\/h3>\n<p><iframe title=\"SPORTEL Monaco 2025 Best Of\" width=\"800\" height=\"450\" src=\"https:\/\/www.youtube.com\/embed\/NKG-hXju0s4?feature=oembed\" frameborder=\"0\" allow=\"accelerometer; autoplay; clipboard-write; encrypted-media; gyroscope; picture-in-picture; web-share\" referrerpolicy=\"strict-origin-when-cross-origin\" allowfullscreen><\/iframe><\/p>\n<p>\u00c9v\u00e9nement haut de gamme bas\u00e9 \u00e0 Monaco, Sportel r\u00e9unit l&rsquo;ensemble des <strong>acteurs majeurs du business du sport mondial<\/strong> : f\u00e9d\u00e9rations internationales, ligues professionnelles, cha\u00eenes de t\u00e9l\u00e9vision sportives, plateformes de streaming de premier plan et entreprises technologiques sp\u00e9cialis\u00e9es dans la capture de donn\u00e9es sportives et la diffusion en direct.<\/p>\n<p>L&rsquo;\u00e9dition 2026 se focalisera sur les <strong>nouvelles technologies de retransmission immersive<\/strong> (vue \u00e0 la premi\u00e8re personne via cam\u00e9ras int\u00e9gr\u00e9es, r\u00e9alit\u00e9 virtuelle enrichie), la <strong>lutte contre le piratage num\u00e9rique de masse et l&rsquo;int\u00e9gration de la gamification et des paris en direct au c\u0153ur des flux de diffusion<\/strong>.<\/p>\n<p><strong>\ud83d\udcc5 Dates :<\/strong> Du 16 au 21 Octobre 2026<\/p>\n<p><strong>\ud83c\udff7\ufe0f Type d&rsquo;\u00e9v\u00e9nement :<\/strong> Convention internationale business des droits m\u00e9dias du sport et des technologies de diffusion\u00a0<\/p>\n<p><strong>\ud83c\udfaf Caract\u00e9ristiques &amp; chiffres cl\u00e9s :<\/strong> Plus de 3 000 dirigeants du sport business, repr\u00e9sentant 70 pays, combinant un espace de march\u00e9 d&rsquo;affaires et des conf\u00e9rences de niveau mondial avec des athl\u00e8tes de renom.<\/p>\n<p><a href=\"https:\/\/www.sportelmonaco.com\/\" target=\"_blank\" rel=\"noopener\">Consulter le site de l&rsquo;\u00e9v\u00e8nement Sportel Monaco.<\/a><\/p>\n<h3><span class=\"ez-toc-section\" id=\"8_MAPIC_2026\"><\/span>8. MAPIC 2026<span class=\"ez-toc-section-end\"><\/span><\/h3>\n<p><iframe title=\"MAPIC 2026: Leading International Retail Leasing Hub!\" width=\"800\" height=\"450\" src=\"https:\/\/www.youtube.com\/embed\/PkRzf_b2nYM?feature=oembed\" frameborder=\"0\" allow=\"accelerometer; autoplay; clipboard-write; encrypted-media; gyroscope; picture-in-picture; web-share\" referrerpolicy=\"strict-origin-when-cross-origin\" allowfullscreen><\/iframe><\/p>\n<p>Le MAPIC rassemble les <strong>acteurs cl\u00e9s du commerce de d\u00e9tail, de l&rsquo;immobilier commercial, de la restauration et des parcs de loisirs urbains<\/strong>. Ce salon analyse la mutation profonde des lieux de vie commerciaux face au commerce en ligne.<\/p>\n<p>L&rsquo;\u00e9dition 2026 mettra l\u2019accent sur le concept de <strong>\u00ab\u00a0commerce exp\u00e9rientiel\u00a0\u00bb<\/strong> : comment int\u00e9grer de la culture, du sport, du bien-\u00eatre et des concepts culinaires immersifs au sein des centres commerciaux et des centres-villes pour revitaliser les flux physiques. Les promoteurs immobiliers y rencontrent les enseignes mondiales en pleine expansion pour concevoir des espaces urbains plus mixtes et durables.<\/p>\n<p><strong>\ud83d\udcc5 Dates :<\/strong> Du 03 au 04 Novembre 2026<\/p>\n<p><strong>\ud83c\udff7\ufe0f Type d&rsquo;\u00e9v\u00e9nement :<\/strong> Salon international de l\u2019implantation commerciale, des loisirs et de l&rsquo;immobilier de commerce\u00a0<\/p>\n<p><strong>\ud83c\udfaf Caract\u00e9ristiques &amp; chiffres cl\u00e9s :<\/strong> Plus de 4 500 participants, 1 500+ repr\u00e9sentants d\u2019enseignes de vente au d\u00e9tail et de concepts de loisirs venus de plus de 75 pays pour sceller de nouveaux baux commerciaux et partenariats d&rsquo;implantation.<\/p>\n<p><a href=\"https:\/\/www.mapic.com\/\" target=\"_blank\" rel=\"noopener\">Consulter le site de l&rsquo;\u00e9v\u00e8nement MAPIC.\u00a0<\/a><\/p>\n<h3><span class=\"ez-toc-section\" id=\"9_Healthcare_Meetings_2026\"><\/span>9. Healthcare Meetings 2026<span class=\"ez-toc-section-end\"><\/span><\/h3>\n<p>Con\u00e7u par Weyou Group, cet \u00e9v\u00e9nement ultra-sp\u00e9cialis\u00e9 met en <strong>relation directe des directeurs d&rsquo;h\u00f4pitaux, de cliniques priv\u00e9es, d&rsquo;EHPAD et de structures de soins de sant\u00e9 majeurs avec des offreurs de solutions cibl\u00e9s<\/strong>.<\/p>\n<p>En 2026, le salon mettra en avant la transformation num\u00e9rique de la sant\u00e9 (t\u00e9l\u00e9m\u00e9decine avanc\u00e9e, dossiers patients connect\u00e9s, cybers\u00e9curit\u00e9 hospitali\u00e8re), l\u2019am\u00e9nagement ergonomique des infrastructures de soins pour le personnel et le confort des r\u00e9sidents, ainsi que l&rsquo;\u00e9co-responsabilit\u00e9 des \u00e9tablissements de sant\u00e9. Le format garantit des \u00e9changes commerciaux confidentiels, rapides et \u00e0 haut niveau de conversion.<\/p>\n<p><strong>\ud83d\udcc5 Dates :<\/strong> Du 24 au 25 novembre 2026<\/p>\n<p><strong>\ud83c\udff7\ufe0f Type d&rsquo;\u00e9v\u00e9nement :<\/strong> Salon professionnel One-to-One d&rsquo;affaires d\u00e9di\u00e9 au secteur de la sant\u00e9<\/p>\n<p><strong>Caract\u00e9ristiques &amp; chiffres cl\u00e9s :<\/strong> Un \u00e9v\u00e9nement \u00e0 taille humaine ax\u00e9 sur la performance, r\u00e9unissant plus de 130 exposants agr\u00e9\u00e9s et des milliers de cr\u00e9neaux de r\u00e9unions d&rsquo;affaires individuels organis\u00e9s sur-mesure.<\/p>\n<p><a href=\"https:\/\/www.healthcenter-one-to-one-meetings.fr\/\" target=\"_blank\" rel=\"noopener\">Consulter le site de l&rsquo;\u00e9v\u00e8nement Healthcare Meetings.<\/a><\/p>\n<h3><span class=\"ez-toc-section\" id=\"10_ILTM_Cannes_2026_International_Luxury_Travel_Market\"><\/span>10. ILTM Cannes 2026 (International Luxury Travel Market)<span class=\"ez-toc-section-end\"><\/span><\/h3>\n<p><iframe title=\"ILTM Cannes 2024 | Show Highlights\" width=\"800\" height=\"450\" src=\"https:\/\/www.youtube.com\/embed\/tz7c9riOkGk?feature=oembed\" frameborder=\"0\" allow=\"accelerometer; autoplay; clipboard-write; encrypted-media; gyroscope; picture-in-picture; web-share\" referrerpolicy=\"strict-origin-when-cross-origin\" allowfullscreen><\/iframe><\/p>\n<p>L&rsquo;ILTM cl\u00f4ture en beaut\u00e9 l&rsquo;ann\u00e9e des congr\u00e8s sur la C\u00f4te d&rsquo;Azur. C&rsquo;est l&rsquo;\u00e9v\u00e9nement ultime o\u00f9 s&rsquo;inventent les <strong>tendances mondiales du voyage d&rsquo;exception<\/strong>. L&rsquo;acc\u00e8s y est soumis \u00e0 un processus de s\u00e9lection rigoureux : seuls les meilleurs agents de voyage haut de gamme, concepteurs d&rsquo;exp\u00e9riences sur-mesure, conciergeries priv\u00e9es et les plus grands directeurs de palaces et complexes h\u00f4teliers cinq \u00e9toiles, jets priv\u00e9s et compagnies de croisi\u00e8res d&rsquo;ultra-luxe mondiaux y sont admis.<\/p>\n<p>L&rsquo;\u00e9dition 2026 explorera le concept de \u00ab\u00a0voyage r\u00e9g\u00e9n\u00e9ratif\u00a0\u00bb (voyager de mani\u00e8re ultra-exclusive tout en laissant un impact net positif sur la biodiversit\u00e9 locale), les retraites de bien-\u00eatre scientifique avanc\u00e9 et les exp\u00e9ditions polaires ou spatiales priv\u00e9es.<\/p>\n<p><strong>\ud83d\udcc5 Dates :<\/strong> Du 30 Novembre au 3 D\u00e9cembre 2026<\/p>\n<p><strong>\ud83c\udff7\ufe0f Type d&rsquo;\u00e9v\u00e9nement :<\/strong> Salon professionnel international exclusif et sommet mondial du voyage de luxe\u00a0<\/p>\n<p><strong>Caract\u00e9ristiques &amp; chiffres cl\u00e9s :<\/strong> Plus de 1 800 acheteurs haut de gamme s\u00e9lectionn\u00e9s venant de 80 pays, autant de fournisseurs de prestige, et plus de 70 000 rendez-vous d&rsquo;affaires individuels chronom\u00e9tr\u00e9s sur 4 jours.<\/p>\n<p><a href=\"https:\/\/www.iltm.com\/cannes\/en-gb.html\" target=\"_blank\" rel=\"noopener\">Consulter le site de l&rsquo;\u00e9v\u00e8nement ILTM Cannes 2026 (International Luxury Travel Market).<\/a><\/p>\n<h3><span class=\"ez-toc-section\" id=\"11_Assises_dORL_2027_Face_et_Cou\"><\/span>11. Assises d&rsquo;ORL 2027 (Face et Cou)<span class=\"ez-toc-section-end\"><\/span><\/h3>\n<p><iframe title=\"Acuitis Cannes 2024\" width=\"800\" height=\"450\" src=\"https:\/\/www.youtube.com\/embed\/RAOG_Yuh-7Q?feature=oembed\" frameborder=\"0\" allow=\"accelerometer; autoplay; clipboard-write; encrypted-media; gyroscope; picture-in-picture; web-share\" referrerpolicy=\"strict-origin-when-cross-origin\" allowfullscreen><\/iframe><\/p>\n<p>V\u00e9ritable institution dans le paysage m\u00e9dical francophone, ce congr\u00e8s r\u00e9unit chaque ann\u00e9e des milliers de sp\u00e9cialistes de la <strong>sph\u00e8re ORL, de la chirurgie cervico-faciale, de l&rsquo;audiologie et de la phoniatrie<\/strong>.<\/p>\n<p>L&rsquo;\u00e9dition 2027 mettra un accent particulier sur l&rsquo;apport de l&rsquo;intelligence artificielle dans l&rsquo;aide au diagnostic, les avanc\u00e9es de la chirurgie robotique guid\u00e9e et les nouvelles th\u00e9rapies mini-invasives. Au-del\u00e0 des sessions scientifiques de haut niveau, le salon accueille une vaste zone d&rsquo;exposition o\u00f9 les laboratoires pharmaceutiques et les fabricants de dispositifs biom\u00e9dicaux et d&rsquo;audioproth\u00e8ses viennent pr\u00e9senter leurs <strong>derni\u00e8res innovations technologiques<\/strong>.<\/p>\n<p><strong>\ud83d\udcc5 Dates :<\/strong> Du 28 au 30 janvier 2027<\/p>\n<p><strong>\ud83c\udff7\ufe0f Type d&rsquo;\u00e9v\u00e9nement :<\/strong> Congr\u00e8s m\u00e9dical, scientifique et d&rsquo;innovation chirurgicale<\/p>\n<p><strong>Caract\u00e9ristiques &amp; chiffres cl\u00e9s :<\/strong> Plus de 2 500 d\u00e9l\u00e9gu\u00e9s attendus, des dizaines de symposiums satellites, et un public ultra-qualifi\u00e9 compos\u00e9 de chirurgiens, de praticiens hospitaliers et de professionnels param\u00e9dicaux.<\/p>\n<p><a href=\"https:\/\/www.assises-face-et-cou.fr\/\" target=\"_blank\" rel=\"noopener\">Consulter le site de l&rsquo;\u00e9v\u00e8nement Assises d&rsquo;ORL 2027.<\/a><\/p>\n<h3><span class=\"ez-toc-section\" id=\"12_IPEM_Cannes_2027\"><\/span>12. IPEM Cannes 2027<span class=\"ez-toc-section-end\"><\/span><\/h3>\n<p><iframe title=\"IPEM Global 2026 teaser\" width=\"800\" height=\"450\" src=\"https:\/\/www.youtube.com\/embed\/ah5t-u05kkM?feature=oembed\" frameborder=\"0\" allow=\"accelerometer; autoplay; clipboard-write; encrypted-media; gyroscope; picture-in-picture; web-share\" referrerpolicy=\"strict-origin-when-cross-origin\" allowfullscreen><\/iframe><\/p>\n<p>L&rsquo;IPEM s&rsquo;est impos\u00e9 comme le <strong>hub le plus dynamique d&rsquo;Europe pour l&rsquo;\u00e9cosyst\u00e8me des march\u00e9s priv\u00e9s mondiaux<\/strong>. Cet \u00e9v\u00e9nement rompt avec les codes traditionnels des conf\u00e9rences financi\u00e8res en proposant un format ax\u00e9 sur l&rsquo;efficacit\u00e9 des affaires et une ambiance collaborative unique.<\/p>\n<p>En 2027, le sommet se concentrera sur le financement de la transition \u00e9cologique, la r\u00e9silience des infrastructures face aux crises g\u00e9opolitiques et les nouvelles strat\u00e9gies d&rsquo;allocation des Family Offices. Les fonds de capital-risque, les investisseurs institutionnels ($LPs$) et les gestionnaires de fonds ($GPs$) s&rsquo;y retrouvent pour lever des capitaux, sceller des partenariats transfrontaliers et identifier les futures licornes technologiques ou industrielles.<\/p>\n<p><strong>\ud83d\udcc5 Dates :<\/strong> D\u00e9but f\u00e9vrier 2027<\/p>\n<p><strong>\ud83c\udff7\ufe0f Type d&rsquo;\u00e9v\u00e9nement :<\/strong> Salon financier international et sommet du Capital-Investissement (Private Equity)\u00a0<\/p>\n<p><strong>Caract\u00e9ristiques &amp; chiffres cl\u00e9s :<\/strong> Plus de 3 000 participants issus de 50 pays, repr\u00e9sentant plus de 1 000 entreprises, dont 400+ investisseurs mondiaux de premier plan.<\/p>\n<p><a href=\"https:\/\/www.ipem-market.com\/\" target=\"_blank\" rel=\"noopener\">Consulter le site de l&rsquo;\u00e9v\u00e8nement IPEM.\u00a0<\/a><\/p>\n<h3><span class=\"ez-toc-section\" id=\"13_Heavent_Meetings_2027\"><\/span>13. Heavent Meetings 2027<span class=\"ez-toc-section-end\"><\/span><\/h3>\n<p><iframe title=\"Heavent Meetings Cannes 2025\" width=\"800\" height=\"450\" src=\"https:\/\/www.youtube.com\/embed\/fOivY1rJt7w?feature=oembed\" frameborder=\"0\" allow=\"accelerometer; autoplay; clipboard-write; encrypted-media; gyroscope; picture-in-picture; web-share\" referrerpolicy=\"strict-origin-when-cross-origin\" allowfullscreen><\/iframe><\/p>\n<p>Heavent Meetings est <strong>le rendez-vous business majeur pour les professionnels de l&rsquo;\u00e9v\u00e9nementiel, du tourisme d\u2019affaires et des congr\u00e8s<\/strong>. Il r\u00e9unit des donneurs d\u2019ordres qualifi\u00e9s (directeurs de communication, responsables \u00e9v\u00e9nementiels de grandes entreprises, agences de communication \u00e9v\u00e9nementielle) et des prestataires de pointe (lieux d&rsquo;exception, h\u00f4tels, agences r\u00e9ceptives, innovations technologiques pour l&rsquo;\u00e9v\u00e9nementiel, prestataires techniques).<\/p>\n<p>L&rsquo;\u00e9dition 2027 mettra en lumi\u00e8re l&rsquo;\u00e9v\u00e9nementiel immersif (r\u00e9alit\u00e9 augment\u00e9e, sc\u00e9nographies interactives) et la transition vers des \u00e9v\u00e9nements \u00e0 impact carbone neutre. Le format alterne rendez-vous d&rsquo;affaires cibl\u00e9s en journ\u00e9e et c\u00e9r\u00e9monies de remise de prix prestigieuses en soir\u00e9e.<\/p>\n<p><strong>\ud83d\udcc5 Dates : <\/strong>Du 02 au 04\u00a0mars 2027<\/p>\n<p><strong>\ud83c\udff7\ufe0f Type d&rsquo;\u00e9v\u00e9nement :<\/strong> Salon d&rsquo;affaires europ\u00e9en d\u00e9di\u00e9 au secteur de l&rsquo;\u00e9v\u00e9nementiel et du MICE<\/p>\n<p><strong>Caract\u00e9ristiques &amp; chiffres cl\u00e9s :<\/strong> Pr\u00e8s de 500 d\u00e9cideurs invit\u00e9s d&rsquo;Europe (Top D\u00e9cideurs), plus de 300 exposants et environ 9 000 rendez-vous \u00ab\u00a0One-to-One\u00a0\u00bb hautement qualifi\u00e9s.Lien internet : Site officiel Heavent MeetingsVid\u00e9o de pr\u00e9sentation : Exemple d&rsquo;immersion Exposant sur YouTube<\/p>\n<p><a href=\"https:\/\/www.heavent-one-to-one-meetings.fr\/\" target=\"_blank\" rel=\"noopener\">Consulter le site Heavent Meetings 2027.\u00a0<\/a><\/p>\n<h3><span class=\"ez-toc-section\" id=\"14_MIPIM_2027\"><\/span>14. MIPIM 2027<span class=\"ez-toc-section-end\"><\/span><\/h3>\n<p><iframe title=\"MIPIM 2026 - Trailer (FR)\" width=\"800\" height=\"450\" src=\"https:\/\/www.youtube.com\/embed\/2EiohvDTvyM?feature=oembed\" frameborder=\"0\" allow=\"accelerometer; autoplay; clipboard-write; encrypted-media; gyroscope; picture-in-picture; web-share\" referrerpolicy=\"strict-origin-when-cross-origin\" allowfullscreen><\/iframe><\/p>\n<p>Le MIPIM est le rendez-vous incontournable de <strong>l&rsquo;ensemble de la cha\u00eene de valeur de l&rsquo;immobilier mondial<\/strong>. Pendant quatre jours intensifs, Cannes devient la capitale des <strong>projets urbains les plus ambitieux de la plan\u00e8te<\/strong>.<\/p>\n<p>L&rsquo;\u00e9dition 2027 explorera en profondeur les d\u00e9fis de la <strong>d\u00e9carbonation radicale du b\u00e2timent, la reconversion des actifs obsol\u00e8tes (bureaux en logements), l&rsquo;int\u00e9gration de la PropTech (technologies de l&rsquo;immobilier) et le financement des infrastructures de transport durables<\/strong>. C&rsquo;est ici que les maires des grandes m\u00e9tropoles mondiales viennent s\u00e9duire les investisseurs institutionnels, et que se n\u00e9gocient les m\u00e9ga-projets d&rsquo;am\u00e9nagement du territoire qui red\u00e9finiront les modes de vie urbains des prochaines d\u00e9cennies.<\/p>\n<p><strong>\ud83d\udcc5 Dates :<\/strong> Du 16 au 19 mars 2027<\/p>\n<p><strong>\ud83c\udff7\ufe0f Type d&rsquo;\u00e9v\u00e9nement :<\/strong> March\u00e9 international des professionnels de l&rsquo;immobilier et du d\u00e9veloppement urbain<\/p>\n<p><strong>Caract\u00e9ristiques &amp; chiffres cl\u00e9s :<\/strong> Pr\u00e8s de 20 000 participants professionnels, 2 500+ entreprises exposantes, 6 500+ investisseurs et des d\u00e9l\u00e9gations officielles en provenance de plus de 80 pays.Lien internet : Site officiel du MIPIMVid\u00e9o de pr\u00e9sentation : [Ins\u00e9rer le lien YouTube de la cha\u00eene officielle MIPIM World]<\/p>\n<p><a href=\"https:\/\/www.mipim.com\/\" target=\"_blank\" rel=\"noopener\">Consulter le site de l&rsquo;\u00e9v\u00e8nement MIPIM.\u00a0<\/a><\/p>\n<h3><span class=\"ez-toc-section\" id=\"15_Hotel_Restaurant_Meetings_2027\"><\/span>15. Hotel &amp; Restaurant Meetings 2027<span class=\"ez-toc-section-end\"><\/span><\/h3>\n<p><iframe title=\"Hotel &amp; Restaurant Meetings 2025\" width=\"800\" height=\"450\" src=\"https:\/\/www.youtube.com\/embed\/Sg93FSOvHgw?feature=oembed\" frameborder=\"0\" allow=\"accelerometer; autoplay; clipboard-write; encrypted-media; gyroscope; picture-in-picture; web-share\" referrerpolicy=\"strict-origin-when-cross-origin\" allowfullscreen><\/iframe><\/p>\n<p>Organis\u00e9 par Weyou Group, ce salon r\u00e9invente le r\u00e9seautage commercial pour le secteur de l&rsquo;h\u00f4tellerie et de la restauration haut de gamme. Contrairement aux foires traditionnelles, l&rsquo;acc\u00e8s est strictement r\u00e9serv\u00e9 aux d\u00e9cideurs (directeurs d\u2019h\u00f4tels 4* et 5*, architectes d\u2019int\u00e9rieur, directeurs de l&rsquo;achat de grandes cha\u00eenes) ayant des projets d&rsquo;investissement valid\u00e9s.<\/p>\n<p>En 2027, les \u00e9changes mettront en avant la <strong>digitalisation du parcours client, la gestion de l&rsquo;\u00e9nergie et de l&rsquo;eau, et les innovations en mati\u00e8re de design d&rsquo;int\u00e9rieur \u00e9co-con\u00e7u<\/strong>. Les exposants b\u00e9n\u00e9ficient d&rsquo;un agenda de rendez-vous d&rsquo;affaires pr\u00e9-organis\u00e9s et ultra-cibl\u00e9s, garantissant une efficacit\u00e9 commerciale absolue.<\/p>\n<p><strong>\ud83d\udcc5 Dates :<\/strong> Du 23 au 25 Mars 2027<\/p>\n<p><strong>\ud83c\udff7\ufe0f Type d&rsquo;\u00e9v\u00e9nement :<\/strong> Salon d&rsquo;affaires exclusif au format \u00ab\u00a0One-to-One\u00a0\u00bb\u00a0<\/p>\n<p><strong>Caract\u00e9ristiques &amp; chiffres cl\u00e9s :<\/strong> Plus de 120 exposants sp\u00e9cialis\u00e9s et des milliers de rendez-vous d&rsquo;affaires individuels programm\u00e9s en amont de l&rsquo;\u00e9v\u00e9nement, compl\u00e9t\u00e9s par des d\u00e9jeuners et soir\u00e9es de networking.<\/p>\n<p><a href=\"https:\/\/www.hotel-and-restaurant-one-to-one-meetings.fr\/\" target=\"_blank\" rel=\"noopener\">Consulter le site de l&rsquo;\u00e9v\u00e8nement H\u00f4tel &amp; Restaurant Meetings 2027.\u00a0<\/a><\/p>\n<h3><span class=\"ez-toc-section\" id=\"16_AMWC_Monaco_2027\"><\/span>16. AMWC Monaco 2027<span class=\"ez-toc-section-end\"><\/span><\/h3>\n<p><iframe title=\"AMWC Monaco 2026\" width=\"800\" height=\"450\" src=\"https:\/\/www.youtube.com\/embed\/Niuf3TPxnWg?feature=oembed\" frameborder=\"0\" allow=\"accelerometer; autoplay; clipboard-write; encrypted-media; gyroscope; picture-in-picture; web-share\" referrerpolicy=\"strict-origin-when-cross-origin\" allowfullscreen><\/iframe><\/p>\n<p>Bien qu&rsquo;il se tienne au <strong>Grimaldi Forum de Monaco<\/strong>, l&rsquo;AMWC draine une logistique internationale majeure sur l&rsquo;ensemble de la C\u00f4te d&rsquo;Azur, incluant de nombreuses d\u00e9l\u00e9gations log\u00e9es \u00e0 Cannes et Nice. Sous la supervision de l&rsquo;Aesthetic Multispecialty Society, ce congr\u00e8s pr\u00e9sente le <strong>programme d&rsquo;enseignement scientifique le plus complet au monde<\/strong>.<\/p>\n<p>L&rsquo;\u00e9dition 2027 pr\u00e9sentera les <strong>derni\u00e8res avanc\u00e9es en m\u00e9decine r\u00e9g\u00e9n\u00e9rative, les th\u00e9rapies cellulaires anti-\u00e2ge, l&rsquo;utilisation de lasers de nouvelle g\u00e9n\u00e9ration et les injections de pr\u00e9cision<\/strong>. C&rsquo;est l&rsquo;\u00e9v\u00e9nement phare o\u00f9 les laboratoires mondiaux de cosm\u00e9tique m\u00e9dicale et d&rsquo;\u00e9quipements dermatologiques d\u00e9voilent leurs \u00e9tudes cliniques exclusives face \u00e0 un parterre de sp\u00e9cialistes internationaux.<\/p>\n<p><strong>\ud83d\udcc5 Dates :<\/strong> Du 01 au 03 Avril 2027<\/p>\n<p><strong>\ud83c\udff7\ufe0f Type d&rsquo;\u00e9v\u00e9nement :<\/strong> Congr\u00e8s mondial de la m\u00e9decine esth\u00e9tique et anti-\u00e2ge<\/p>\n<p><strong>Caract\u00e9ristiques &amp; chiffres cl\u00e9s :<\/strong> Plus de 15 000 participants venus de 140 pays, 300 exposants de premier plan et des d\u00e9monstrations en direct (live-sessions) retransmises dans des auditoriums de pointe.<\/p>\n<p><a href=\"https:\/\/www.amwc-conference.com\/\" target=\"_blank\" rel=\"noopener\">Consulter le site de l&rsquo;\u00e9v\u00e8nement AMWC Monaco 2027.<\/a><\/p>\n<h3><span class=\"ez-toc-section\" id=\"17_EthCC_2027_Ethereum_Community_Conference\"><\/span>17. EthCC 2027 (Ethereum Community Conference)<span class=\"ez-toc-section-end\"><\/span><\/h3>\n<p><iframe title=\"EthCC[9] Aftermovie\" width=\"800\" height=\"450\" src=\"https:\/\/www.youtube.com\/embed\/Q7TzZqKzbrA?feature=oembed\" frameborder=\"0\" allow=\"accelerometer; autoplay; clipboard-write; encrypted-media; gyroscope; picture-in-picture; web-share\" referrerpolicy=\"strict-origin-when-cross-origin\" allowfullscreen><\/iframe><\/p>\n<p>Apr\u00e8s avoir conquis la communaut\u00e9 tech mondiale, l&rsquo;EthCC fait de Cannes son port d&rsquo;attache d&rsquo;excellence. Il s&rsquo;agit de la plus grande <strong>conf\u00e9rence europ\u00e9enne ax\u00e9e sur la technologie Ethereum et son \u00e9cosyst\u00e8me<\/strong>. Con\u00e7u par la communaut\u00e9 pour la communaut\u00e9, cet \u00e9v\u00e9nement r\u00e9unit des d\u00e9veloppeurs de g\u00e9nie, des chercheurs, des fondateurs de protocoles d\u00e9centralis\u00e9s et des fonds de capital-risque Web3.<\/p>\n<p>En 2027, les d\u00e9bats porteront sur le <strong>passage \u00e0 l\u2019\u00e9chelle industrielle de la blockchain (Layer 2), la s\u00e9curit\u00e9 des smart contracts, l&rsquo;\u00e9volution de la finance d\u00e9centralis\u00e9e et la convergence entre l&rsquo;IA et le Web3<\/strong>. L&rsquo;ambiance est intens\u00e9ment technique, collaborative et rythm\u00e9e par d&rsquo;innombrables \u00ab\u00a0side-events\u00a0\u00bb et hackathons sur toute la Croisette.<\/p>\n<p><strong>\ud83d\udcc5 Dates :<\/strong> Du 12 au 15 Avril 2027<\/p>\n<p><strong>\ud83c\udff7\ufe0f Type d&rsquo;\u00e9v\u00e9nement :<\/strong> Conf\u00e9rence technologique internationale d\u00e9di\u00e9e au Web3 et \u00e0 la Blockchain<\/p>\n<p><strong>Caract\u00e9ristiques &amp; chiffres cl\u00e9s :<\/strong> Plus de 5 000 passionn\u00e9s de la tech, des centaines de speakers internationaux et une semaine enti\u00e8re d&rsquo;\u00e9v\u00e9nements satellites transformant la ville en un hub crypto mondial.<\/p>\n<p><a href=\"https:\/\/ethcc.io\/\" target=\"_blank\" rel=\"noopener\">Consulter le site de l&rsquo;\u00e9v\u00e8nement EthCC 2027.\u00a0<\/a><\/p>\n<h3><span class=\"ez-toc-section\" id=\"18_Marche_du_Film_%E2%80%93_Festival_de_Cannes_2027\"><\/span>18. March\u00e9 du Film &#8211; Festival de Cannes 2027<span class=\"ez-toc-section-end\"><\/span><\/h3>\n<p><iframe title=\"BEST OF du 79e Festival de Cannes\" width=\"800\" height=\"450\" src=\"https:\/\/www.youtube.com\/embed\/8eH2LLjDJMI?feature=oembed\" frameborder=\"0\" allow=\"accelerometer; autoplay; clipboard-write; encrypted-media; gyroscope; picture-in-picture; web-share\" referrerpolicy=\"strict-origin-when-cross-origin\" allowfullscreen><\/iframe><\/p>\n<p>En parall\u00e8le de l&rsquo;effervescence m\u00e9diatique du <a href=\"https:\/\/www.festival-cannes.com\/\" target=\"_blank\" rel=\"noopener\">Festival de Cannes<\/a>, le March\u00e9 du Film en constitue le c\u0153ur \u00e9conomique n\u00e9vralgique et confidentiel. <strong>C&rsquo;est le plus grand rassemblement mondial des professionnels de l&rsquo;industrie cin\u00e9matographique<\/strong>. Producteurs, distributeurs, acheteurs de plateformes de streaming (Netflix, Prime Video, Apple TV+), agents de vente et programmateurs de festivals s&rsquo;y retrouvent pour fa\u00e7onner le paysage cin\u00e9matographique de demain.<\/p>\n<p>En 2027, le march\u00e9 mettra l&rsquo;accent sur les nouveaux mod\u00e8les de financement ind\u00e9pendants, l&rsquo;expansion de la production virtuelle (studios LED) et la distribution mondiale des contenus immersifs en r\u00e9alit\u00e9 virtuelle\/augment\u00e9e.<\/p>\n<p><strong>\ud83d\udcc5 Dates :<\/strong> Du 11 au 22 Mai 2027<\/p>\n<p><strong>\ud83c\udff7\ufe0f Type d&rsquo;\u00e9v\u00e9nement :<\/strong> March\u00e9 international des droits audiovisuels et du cin\u00e9ma<\/p>\n<p><strong>Caract\u00e9ristiques &amp; chiffres cl\u00e9s :<\/strong> Plus de 12 500 professionnels du cin\u00e9ma, 4 000 films et projets pr\u00e9sent\u00e9s, et plus de 200 stands pays install\u00e9s au Village International.<\/p>\n<p><a href=\"https:\/\/www.marchedufilm.com\/\" target=\"_blank\" rel=\"noopener\">Consulter le site de l&rsquo;\u00e9v\u00e8nement le March\u00e9 du Film &#8211; Festival de Cannes.\u00a0<\/a><\/p>\n<h3><span class=\"ez-toc-section\" id=\"19_Cannes_Lions_2027\"><\/span>19. Cannes Lions 2027<span class=\"ez-toc-section-end\"><\/span><\/h3>\n<p><iframe title=\"CANNES LIONS 2025\" width=\"800\" height=\"450\" src=\"https:\/\/www.youtube.com\/embed\/qrCrAJyjvmQ?feature=oembed\" frameborder=\"0\" allow=\"accelerometer; autoplay; clipboard-write; encrypted-media; gyroscope; picture-in-picture; web-share\" referrerpolicy=\"strict-origin-when-cross-origin\" allowfullscreen><\/iframe><\/p>\n<p>Les Cannes Lions c\u00e9l\u00e8brent le <strong>pouvoir de la cr\u00e9ativit\u00e9 comme moteur de croissance pour les entreprises<\/strong>. Cet \u00e9v\u00e9nement r\u00e9unit les plus grands esprits du marketing, des agences de publicit\u00e9, des g\u00e9ants de la Tech (Google, Meta, TikTok) et des marques mondiales.<\/p>\n<p>En 2027, le festival se focalisera sur la <strong>cr\u00e9ativit\u00e9 augment\u00e9e par l&rsquo;intelligence artificielle g\u00e9n\u00e9rative, l&rsquo;\u00e9thique des donn\u00e9es de consommation, et l&rsquo;impact soci\u00e9tal des campagnes publicitaires<\/strong>. Remporter un \u00ab\u00a0Lion\u00a0\u00bb \u00e0 Cannes reste la distinction ultime dans le monde des m\u00e9dias. C&rsquo;est aussi un carrefour d&rsquo;id\u00e9es o\u00f9 les g\u00e9ants de la Silicon Valley privatisent les plages de la Croisette pour sceller des partenariats publicitaires de plusieurs millions de dollars.<\/p>\n<p><strong>\ud83d\udcc5 Dates :<\/strong> Du 21 au 25 Juin 2027<\/p>\n<p><strong>\ud83c\udff7\ufe0f Type d&rsquo;\u00e9v\u00e9nement :<\/strong> Festival international de la cr\u00e9ativit\u00e9 et du marketing global<\/p>\n<p><strong>Caract\u00e9ristiques &amp; chiffres cl\u00e9s :<\/strong> Plus de 15 000 d\u00e9l\u00e9gu\u00e9s, environ 30 000 campagnes publicitaires en comp\u00e9tition provenant du monde entier, et des conf\u00e9rences men\u00e9es par des ic\u00f4nes culturelles et \u00e9conomiques mondiales.<\/p>\n<p><a href=\"https:\/\/www.canneslions.com\/\" target=\"_blank\" rel=\"noopener\">Consulter le site de l&rsquo;\u00e9v\u00e8nement Cannes Lions 2027.\u00a0<\/a><\/p>\n<h2><span class=\"ez-toc-section\" id=\"III_Pourquoi_louer_un_minivan_avec_chauffeur_pour_vos_evenements_a_Cannes\"><\/span>III : Pourquoi louer un minivan avec chauffeur pour vos \u00e9v\u00e9nements \u00e0 Cannes ?<span class=\"ez-toc-section-end\"><\/span><\/h2>\n<p>Lors de salons majeurs comme le MIPIM, les Cannes Lions ou le Festival du Film, la logistique des transports devient un enjeu strat\u00e9gique majeur. La location d&rsquo;un minivan (de type Mercedes Classe V) avec chauffeur priv\u00e9 VTC pr\u00e9sente des avantages business d\u00e9terminants :<\/p>\n<p><strong>\u2b50 Le confort et l&rsquo;espace de travail :<\/strong> Un minivan haut de gamme offre un salon mobile confidentiel. Les collaborateurs ou clients VIP peuvent y passer des appels, peaufiner une pr\u00e9sentation ou d\u00e9briefer d&rsquo;une r\u00e9union \u00e0 l&rsquo;abri des regards, gr\u00e2ce aux vitres teint\u00e9es et au Wi-Fi \u00e0 bord.<\/p>\n<p><strong>\u2b50 L&rsquo;efficacit\u00e9 et la ponctualit\u00e9 :<\/strong> Pendant les grands congr\u00e8s, trouver un taxi ou un VTC classique disponible sur le moment rel\u00e8ve du d\u00e9fi (temps d&rsquo;attente interminables, majorations de tarifs). Un chauffeur d\u00e9di\u00e9 garantit une prise en charge imm\u00e9diate \u00e0 l&rsquo;a\u00e9roport de Nice ou devant le Palais des Festivals, avec une parfaite connaissance des itin\u00e9raires de d\u00e9lestage pour \u00e9viter les embouteillages de la Croisette.<\/p>\n<p><strong>\u2b50 Le transport de groupes et de mat\u00e9riel :<\/strong> Avec une capacit\u00e9 allant jusqu&rsquo;\u00e0 7 ou 8 passagers, le minivan permet de d\u00e9placer une \u00e9quipe enti\u00e8re ou des d\u00e9l\u00e9gations de clients ensemble, r\u00e9duisant ainsi les co\u00fbts logistiques. C\u2019est aussi la solution id\u00e9ale pour transporter du mat\u00e9riel marketing volumineux (brochures, kakemonos, \u00e9chantillons).<\/p>\n<p><strong>\u2b50 Une image de marque valoris\u00e9e :<\/strong> Accueillir des partenaires financiers, des investisseurs ou des clients VIP d\u00e8s leur descente d&rsquo;avion avec un v\u00e9hicule de prestige renforce imm\u00e9diatement le positionnement haut de gamme et le professionnalisme de votre entreprise.<\/p>\n<h2><span class=\"ez-toc-section\" id=\"IV_Pourquoi_choisir_Francebus_comme_partenaire_de_transport_pour_vos_evenements_professionnels_a_Cannes\"><\/span>IV. Pourquoi choisir Francebus comme partenaire de transport pour vos \u00e9v\u00e8nements professionnels \u00e0 Cannes ?<span class=\"ez-toc-section-end\"><\/span><\/h2>\n<p>Pour vos d\u00e9placements \u00e0 Cannes, nous nous imposons comme votre partenaire transport strat\u00e9gique.<\/p>\n<p><strong>\ud83d\udc49 Une flotte premium sur-mesure :<\/strong> Du van ex\u00e9cutif pour vos VIP aux autocars\u00a0 de grande capacit\u00e9, nous nous adaptons pr\u00e9cis\u00e9ment \u00e0 la taille de votre groupe avec des v\u00e9hicules modernes, propres et \u00e9l\u00e9gants :<\/p>\n<ul>\n<li><a href=\"https:\/\/francebus.com\/minivan-7-places\/\" target=\"_blank\" rel=\"noopener\">Minivans<\/a> <strong>(7 places)<\/strong><\/li>\n<li><a href=\"https:\/\/francebus.com\/minibus-19-places\/\" target=\"_blank\" rel=\"noopener\">Minibus<\/a> <strong>(19 places)<\/strong><\/li>\n<li><a href=\"https:\/\/francebus.com\/midibus-25-35-places\/\" target=\"_blank\" rel=\"noopener\">Midibus<\/a> <strong>(25-35places)<\/strong><\/li>\n<li><a href=\"https:\/\/francebus.com\/autocars-a-etage\/\" target=\"_blank\" rel=\"noopener\">Autocars \u00e0 \u00e9tage<\/a> <strong>(49 et + places)<\/strong><\/li>\n<li><a href=\"https:\/\/francebus.com\/autocars-standard-grande-longueur\/\" target=\"_blank\" rel=\"noopener\">Autocars standard et grande longueur<\/a> <strong>(80 et + places)<\/strong><\/li>\n<li><a href=\"https:\/\/francebus.com\/berline-haut-de-gamme\/\" target=\"_blank\" rel=\"noopener\">Berlines haut de gamme<\/a> <strong>(3 places)<\/strong><\/li>\n<\/ul>\n<p><strong>\ud83d\udc49 Un service sur-mesure pour les professionnels :<\/strong> Nous comprenons les exigences du monde des affaires. Ponctualit\u00e9 rigoureuse, flexibilit\u00e9 en cas de modification de vos horaires de salon, et suivi personnalis\u00e9 de votre r\u00e9servation par un gestionnaire d\u00e9di\u00e9.<\/p>\n<p><strong>\ud83d\udc49 Une expertise \u00e9v\u00e9nementielle reconnue :<\/strong> Que ce soit pour organiser un syst\u00e8me de navettes r\u00e9guli\u00e8res entre votre h\u00f4tel et La Croisette, ou pour assurer le transport d&rsquo;invit\u00e9s d\u2019un grand salon, notre \u00e9quipe planifie les itin\u00e9raires les plus fluides.<\/p>\n<p>\ud83d\udc49<strong> Des chauffeurs d&rsquo;excellence :<\/strong> Courtois, discrets et professionnels, nos chauffeurs poss\u00e8dent une parfaite connaissance des acc\u00e8s logistiques de Cannes, vous garantissant une d\u00e9pose au plus pr\u00e8s des pavillons d&rsquo;exposition.<\/p>\n<p><a href=\"https:\/\/francebus.com\/location-bus-cannes\/\" target=\"_blank\" rel=\"noopener\">D\u00e9couvrir nos services de location de bus \u00e0 Cannes.\u00a0<\/a><\/p>\n<p>Choisir Francebus, c&rsquo;est <strong>s&rsquo;assurer<\/strong> :\u00a0<\/p>\n<p>\u2705 confort<\/p>\n<p>\u2705 fiabilit\u00e9<\/p>\n<p>\u2705 ponctualit\u00e9<\/p>\n<p>\u2705 s\u00e9curit\u00e9<\/p>\n<p>\u2705 s\u00e9r\u00e9nit\u00e9 d&rsquo;esprit\u00a0<\/p>\n<h2><span class=\"ez-toc-section\" id=\"Demandez_votre_devis_gratuit_en_ligne\"><\/span><a href=\"https:\/\/francebus.com\/devis\/\" target=\"_blank\" rel=\"noopener\">Demandez votre devis gratuit en ligne.\u00a0<\/a><span class=\"ez-toc-section-end\"><\/span><\/h2>\n<h2><span class=\"ez-toc-section\" id=\"Lire_plus\"><\/span>Lire plus :\u00a0<span class=\"ez-toc-section-end\"><\/span><\/h2>\n<p class=\"elementor-heading-title elementor-size-default\"><a href=\"https:\/\/francebus.com\/evenements-professionnels-2026-2027-paris-expo-villepinte\/\" target=\"_blank\" rel=\"noopener\">\u00c9v\u00e8nements professionnels : L\u2019Agenda 2026-2027 de Paris Expo Villepinte &amp; guide de transport logistique.<\/a><\/p>\n<p class=\"elementor-heading-title elementor-size-default\"><a href=\"https:\/\/francebus.com\/paris-expo-porte-de-versailles-salons-2026-2027-optimiser-logistique-equipes-invites\/\" target=\"_blank\" rel=\"noopener\">Paris Expo Porte de Versailles : Le hub mondial des salons 2026 \/ 2027 \u2013 Comment optimiser la logistique de vos \u00e9quipes et invit\u00e9s ?<\/a><\/p>\n","protected":false},"excerpt":{"rendered":"<p>La C\u00f4te d\u2019Azur s&rsquo;impose comme la destination incontournable du tourisme d\u2019affaires (MICE) en Europe. Entre infrastructures de classe mondiale, dynamisme entrepreneurial et cadre d\u2019exception, la r\u00e9gion se pr\u00e9pare \u00e0 une ann\u00e9e 2027 particuli\u00e8rement riche en congr\u00e8s, salons et opportunit\u00e9s de networking. I. Cannes, capitale mondiale du tourisme d&rsquo;affaires \ud83c\udfdb\ufe0f Derri\u00e8re les paillettes et le tapis [&hellip;]<\/p>\n","protected":false},"author":6,"featured_media":9623,"comment_status":"closed","ping_status":"closed","sticky":false,"template":"","format":"standard","meta":{"_jf_save_progress":"","page_builder":"","footnotes":""},"categories":[176],"tags":[],"class_list":["post-9622","post","type-post","status-publish","format-standard","has-post-thumbnail","hentry","category-seminaires-congres"],"_links":{"self":[{"href":"https:\/\/francebus.com\/en\/wp-json\/wp\/v2\/posts\/9622","targetHints":{"allow":["GET"]}}],"collection":[{"href":"https:\/\/francebus.com\/en\/wp-json\/wp\/v2\/posts"}],"about":[{"href":"https:\/\/francebus.com\/en\/wp-json\/wp\/v2\/types\/post"}],"author":[{"embeddable":true,"href":"https:\/\/francebus.com\/en\/wp-json\/wp\/v2\/users\/6"}],"replies":[{"embeddable":true,"href":"https:\/\/francebus.com\/en\/wp-json\/wp\/v2\/comments?post=9622"}],"version-history":[{"count":5,"href":"https:\/\/francebus.com\/en\/wp-json\/wp\/v2\/posts\/9622\/revisions"}],"predecessor-version":[{"id":9669,"href":"https:\/\/francebus.com\/en\/wp-json\/wp\/v2\/posts\/9622\/revisions\/9669"}],"wp:featuredmedia":[{"embeddable":true,"href":"https:\/\/francebus.com\/en\/wp-json\/wp\/v2\/media\/9623"}],"wp:attachment":[{"href":"https:\/\/francebus.com\/en\/wp-json\/wp\/v2\/media?parent=9622"}],"wp:term":[{"taxonomy":"category","embeddable":true,"href":"https:\/\/francebus.com\/en\/wp-json\/wp\/v2\/categories?post=9622"},{"taxonomy":"post_tag","embeddable":true,"href":"https:\/\/francebus.com\/en\/wp-json\/wp\/v2\/tags?post=9622"}],"curies":[{"name":"wp","href":"https:\/\/api.w.org\/{rel}","templated":true}]}}