{"id":7990,"date":"2026-03-26T14:00:34","date_gmt":"2026-03-26T13:00:34","guid":{"rendered":"https:\/\/francebus.com\/?p=7990"},"modified":"2026-03-26T14:38:58","modified_gmt":"2026-03-26T13:38:58","slug":"top-monaco-coach-tours","status":"publish","type":"post","link":"https:\/\/francebus.com\/en\/top-monaco-coach-tours\/","title":{"rendered":"Top 15 places to visit in Monaco by coach"},"content":{"rendered":"<div id=\"ez-toc-container\" class=\"ez-toc-v2_0_82_2 counter-hierarchy ez-toc-counter ez-toc-grey ez-toc-container-direction\">\n<div class=\"ez-toc-title-container\">\n<p class=\"ez-toc-title\" style=\"cursor:inherit\">Sommaire<\/p>\n<span class=\"ez-toc-title-toggle\"><a href=\"#\" class=\"ez-toc-pull-right ez-toc-btn ez-toc-btn-xs ez-toc-btn-default ez-toc-toggle\" aria-label=\"Toggle Table of Content\"><span class=\"ez-toc-js-icon-con\"><span class=\"\"><span class=\"eztoc-hide\" style=\"display:none;\">Toggle<\/span><span class=\"ez-toc-icon-toggle-span\"><svg style=\"fill: #999;color:#999\" xmlns=\"http:\/\/www.w3.org\/2000\/svg\" class=\"list-377408\" width=\"20px\" height=\"20px\" viewBox=\"0 0 24 24\" fill=\"none\"><path d=\"M6 6H4v2h2V6zm14 0H8v2h12V6zM4 11h2v2H4v-2zm16 0H8v2h12v-2zM4 16h2v2H4v-2zm16 0H8v2h12v-2z\" fill=\"currentColor\"><\/path><\/svg><svg style=\"fill: #999;color:#999\" class=\"arrow-unsorted-368013\" xmlns=\"http:\/\/www.w3.org\/2000\/svg\" width=\"10px\" height=\"10px\" viewBox=\"0 0 24 24\" version=\"1.2\" baseProfile=\"tiny\"><path d=\"M18.2 9.3l-6.2-6.3-6.2 6.3c-.2.2-.3.4-.3.7s.1.5.3.7c.2.2.4.3.7.3h11c.3 0 .5-.1.7-.3.2-.2.3-.5.3-.7s-.1-.5-.3-.7zM5.8 14.7l6.2 6.3 6.2-6.3c.2-.2.3-.5.3-.7s-.1-.5-.3-.7c-.2-.2-.4-.3-.7-.3h-11c-.3 0-.5.1-.7.3-.2.2-.3.5-.3.7s.1.5.3.7z\"\/><\/svg><\/span><\/span><\/span><\/a><\/span><\/div>\n<nav><ul class='ez-toc-list ez-toc-list-level-1 ' ><li class='ez-toc-page-1 ez-toc-heading-level-2'><a class=\"ez-toc-link ez-toc-heading-1\" href=\"https:\/\/francebus.com\/en\/top-monaco-coach-tours\/#Monaco_Le_rocher_de_lexcellence_en_une_journee\" >Monaco : Le rocher de l&rsquo;excellence en une journ\u00e9e<\/a><\/li><li class='ez-toc-page-1 ez-toc-heading-level-2'><a class=\"ez-toc-link ez-toc-heading-2\" href=\"https:\/\/francebus.com\/en\/top-monaco-coach-tours\/#Top_15_des_lieux_incontournables_a_visiter_en_journee_a_Monaco\" >Top 15 des lieux incontournables \u00e0 visiter en journ\u00e9e \u00e0 Monaco<\/a><ul class='ez-toc-list-level-3' ><li class='ez-toc-heading-level-3'><a class=\"ez-toc-link ez-toc-heading-3\" href=\"https:\/\/francebus.com\/en\/top-monaco-coach-tours\/#1_Le_Palais_Princier_de_Monaco\" >1. Le Palais Princier de Monaco<\/a><\/li><li class='ez-toc-page-1 ez-toc-heading-level-3'><a class=\"ez-toc-link ez-toc-heading-4\" href=\"https:\/\/francebus.com\/en\/top-monaco-coach-tours\/#2_Le_Musee_Oceanographique\" >2. Le Mus\u00e9e Oc\u00e9anographique<\/a><\/li><li class='ez-toc-page-1 ez-toc-heading-level-3'><a class=\"ez-toc-link ez-toc-heading-5\" href=\"https:\/\/francebus.com\/en\/top-monaco-coach-tours\/#3_Le_Casino_de_Monte-Carlo\" >3. Le Casino de Monte-Carlo<\/a><\/li><li class='ez-toc-page-1 ez-toc-heading-level-3'><a class=\"ez-toc-link ez-toc-heading-6\" href=\"https:\/\/francebus.com\/en\/top-monaco-coach-tours\/#4_Le_Jardin_Exotique_de_Monaco\" >4. Le Jardin Exotique de Monaco<\/a><\/li><li class='ez-toc-page-1 ez-toc-heading-level-3'><a class=\"ez-toc-link ez-toc-heading-7\" href=\"https:\/\/francebus.com\/en\/top-monaco-coach-tours\/#5_La_Cathedrale_Notre-Dame-Immaculee\" >5. La Cath\u00e9drale Notre-Dame-Immacul\u00e9e<\/a><\/li><li class='ez-toc-page-1 ez-toc-heading-level-3'><a class=\"ez-toc-link ez-toc-heading-8\" href=\"https:\/\/francebus.com\/en\/top-monaco-coach-tours\/#6_Le_Jardin_Japonais\" >6. Le Jardin Japonais<\/a><\/li><li class='ez-toc-page-1 ez-toc-heading-level-3'><a class=\"ez-toc-link ez-toc-heading-9\" href=\"https:\/\/francebus.com\/en\/top-monaco-coach-tours\/#7_La_collection_dautomobiles_du_Prince_de_Monaco\" >7. La collection d&rsquo;automobiles du Prince de Monaco<\/a><\/li><li class='ez-toc-page-1 ez-toc-heading-level-3'><a class=\"ez-toc-link ez-toc-heading-10\" href=\"https:\/\/francebus.com\/en\/top-monaco-coach-tours\/#8_Le_Fort_Antoine\" >8. Le Fort Antoine<\/a><\/li><li class='ez-toc-page-1 ez-toc-heading-level-3'><a class=\"ez-toc-link ez-toc-heading-11\" href=\"https:\/\/francebus.com\/en\/top-monaco-coach-tours\/#9_Le_Marche_de_la_Condamine\" >9. Le March\u00e9 de la Condamine<\/a><\/li><li class='ez-toc-page-1 ez-toc-heading-level-3'><a class=\"ez-toc-link ez-toc-heading-12\" href=\"https:\/\/francebus.com\/en\/top-monaco-coach-tours\/#10_La_Roseraie_Princesse_Grace\" >10. La Roseraie Princesse Grace<\/a><\/li><li class='ez-toc-page-1 ez-toc-heading-level-3'><a class=\"ez-toc-link ez-toc-heading-13\" href=\"https:\/\/francebus.com\/en\/top-monaco-coach-tours\/#11_Le_Port_Hercule\" >11. Le Port Hercule<\/a><\/li><li class='ez-toc-page-1 ez-toc-heading-level-3'><a class=\"ez-toc-link ez-toc-heading-14\" href=\"https:\/\/francebus.com\/en\/top-monaco-coach-tours\/#12_Le_Nouveau_Musee_National_Villa_Paloma\" >12. Le Nouveau Mus\u00e9e National (Villa Paloma)<\/a><\/li><li class='ez-toc-page-1 ez-toc-heading-level-3'><a class=\"ez-toc-link ez-toc-heading-15\" href=\"https:\/\/francebus.com\/en\/top-monaco-coach-tours\/#13_Le_quartier_de_Monaco-ville_Le_Rocher\" >13. Le quartier de Monaco-ville (Le Rocher)<\/a><\/li><li class='ez-toc-page-1 ez-toc-heading-level-3'><a class=\"ez-toc-link ez-toc-heading-16\" href=\"https:\/\/francebus.com\/en\/top-monaco-coach-tours\/#14_Les_Jardins_Saint-Martin_et_Sainte-Barbe\" >14. Les Jardins Saint-Martin et Sainte-Barbe\u00a0<\/a><\/li><li class='ez-toc-page-1 ez-toc-heading-level-3'><a class=\"ez-toc-link ez-toc-heading-17\" href=\"https:\/\/francebus.com\/en\/top-monaco-coach-tours\/#15_Le_Theatre_Princesse_Grace\" >15. Le Th\u00e9\u00e2tre Princesse Grace<\/a><\/li><\/ul><\/li><li class='ez-toc-page-1 ez-toc-heading-level-2'><a class=\"ez-toc-link ez-toc-heading-18\" href=\"https:\/\/francebus.com\/en\/top-monaco-coach-tours\/#Logistique_et_transport_maximiser_votre_journee\" >Logistique et transport : maximiser votre journ\u00e9e<\/a><ul class='ez-toc-list-level-3' ><li class='ez-toc-heading-level-3'><a class=\"ez-toc-link ez-toc-heading-19\" href=\"https:\/\/francebus.com\/en\/top-monaco-coach-tours\/#Pourquoi_choisir_le_minivan_et_le_minibus\" >Pourquoi choisir le minivan et le minibus ?<\/a><\/li><li class='ez-toc-page-1 ez-toc-heading-level-3'><a class=\"ez-toc-link ez-toc-heading-20\" href=\"https:\/\/francebus.com\/en\/top-monaco-coach-tours\/#Reglementations_pour_les_autocars_a_Monaco\" >R\u00e9glementations pour les autocars \u00e0 Monaco<\/a><\/li><\/ul><\/li><li class='ez-toc-page-1 ez-toc-heading-level-2'><a class=\"ez-toc-link ez-toc-heading-21\" href=\"https:\/\/francebus.com\/en\/top-monaco-coach-tours\/#Pourquoi_choisir_Francebus_comme_prestataire_de_transport\" >Pourquoi choisir Francebus comme prestataire de transport ?<\/a><\/li><li class='ez-toc-page-1 ez-toc-heading-level-2'><a class=\"ez-toc-link ez-toc-heading-22\" href=\"https:\/\/francebus.com\/en\/top-monaco-coach-tours\/#Demandez_votre_devis_gratuit_en_ligne\" >Demandez votre devis gratuit en ligne.\u00a0<\/a><\/li><li class='ez-toc-page-1 ez-toc-heading-level-2'><a class=\"ez-toc-link ez-toc-heading-23\" href=\"https:\/\/francebus.com\/en\/top-monaco-coach-tours\/#Lire_davantage\" >Lire davantage :\u00a0<\/a><\/li><\/ul><\/nav><\/div>\n<h2><span class=\"ez-toc-section\" id=\"Monaco_Le_rocher_de_lexcellence_en_une_journee\"><\/span>Monaco : Le rocher de l&rsquo;excellence en une journ\u00e9e<span class=\"ez-toc-section-end\"><\/span><\/h2>\n<p>&nbsp;<\/p>\n<p>Nich\u00e9e entre mer et montagne, la Principaut\u00e9 de Monaco est une enclave de 2,02 km2 o\u00f9 chaque m\u00e8tre carr\u00e9 respire l&rsquo;histoire, le luxe et l&rsquo;innovation. Visiter Monaco en une journ\u00e9e est un d\u00e9fi passionnant : c&rsquo;est passer du faste des tapis rouges de Monte-Carlo \u00e0 la s\u00e9r\u00e9nit\u00e9 m\u00e9di\u00e9vale du Rocher en quelques minutes.<\/p>\n<p>&nbsp;<\/p>\n<p><strong>Que faire \u00e0 Monaco ?<\/strong> Monaco se vit plus qu\u2019il ne se visite. En une journ\u00e9e, vous pouvez admirer <strong>la rel\u00e8ve de la garde, explorer des fonds marins spectaculaires, fl\u00e2ner dans des jardins suspendus<\/strong> qui semblent d\u00e9fier la gravit\u00e9, et <strong>ressentir l&rsquo;adr\u00e9naline du circuit de Formule 1<\/strong>. C&rsquo;est un <strong>condens\u00e9 de culture m\u00e9diterran\u00e9enne et de modernit\u00e9 absolue<\/strong>.<\/p>\n<p>&nbsp;<\/p>\n<p>Dans cet article, Francebus, votre sp\u00e9cialiste du transport de prestige sur la C\u00f4te d\u2019Azur, vous d\u00e9voile le guide ultime pour explorer les tr\u00e9sors de Monaco en une journ\u00e9e, alliant \u00e9l\u00e9gance, confort et expertise logistique.<\/p>\n<p>&nbsp;<\/p>\n<p>&nbsp;<\/p>\n<h2><span class=\"ez-toc-section\" id=\"Top_15_des_lieux_incontournables_a_visiter_en_journee_a_Monaco\"><\/span>Top 15 des lieux incontournables \u00e0 visiter en journ\u00e9e \u00e0 Monaco<span class=\"ez-toc-section-end\"><\/span><\/h2>\n<p>&nbsp;<\/p>\n<h3><span class=\"ez-toc-section\" id=\"1_Le_Palais_Princier_de_Monaco\"><\/span>1. Le Palais Princier de Monaco <img decoding=\"async\" class=\"alignnone  wp-image-7997\" src=\"https:\/\/francebus.com\/wp-content\/uploads\/2026\/03\/Capture-decran-2026-03-11-a-16.03.31-300x50.png\" alt=\"\" width=\"234\" height=\"39\" title=\"\" srcset=\"https:\/\/francebus.com\/wp-content\/uploads\/2026\/03\/Capture-decran-2026-03-11-a-16.03.31-300x50.png 300w, https:\/\/francebus.com\/wp-content\/uploads\/2026\/03\/Capture-decran-2026-03-11-a-16.03.31-18x3.png 18w, https:\/\/francebus.com\/wp-content\/uploads\/2026\/03\/Capture-decran-2026-03-11-a-16.03.31.png 333w\" sizes=\"(max-width: 234px) 100vw, 234px\" \/><span class=\"ez-toc-section-end\"><\/span><\/h3>\n<p>&nbsp;<\/p>\n<p><iframe title=\"D\u00e9couvrez le somptueux palais princier de Monaco et ses tr\u00e9sors !\" width=\"800\" height=\"450\" src=\"https:\/\/www.youtube.com\/embed\/5-5mOpJLIu4?feature=oembed\" frameborder=\"0\" allow=\"accelerometer; autoplay; clipboard-write; encrypted-media; gyroscope; picture-in-picture; web-share\" referrerpolicy=\"strict-origin-when-cross-origin\" allowfullscreen><\/iframe><\/p>\n<p>&nbsp;<\/p>\n<p><strong>Symbole de la dynastie Grimaldi<\/strong> <strong>depuis 1215<\/strong>, le Palais est une merveille d&rsquo;architecture m\u00ealant styles m\u00e9di\u00e9val, Renaissance et baroque. On y visite les \u00ab\u00a0Grands appartement\u00a0\u00bbs aux <strong>fresques restaur\u00e9es du XVIe si\u00e8cle<\/strong>. <strong>La rel\u00e8ve de la Garde, \u00e0 11h55<\/strong>, est l\u2019\u00e9v\u00e9nement quotidien \u00e0 ne pas manquer sur la place.<\/p>\n<p>&nbsp;<\/p>\n<ul>\n<li><strong>Horaires :<\/strong> Avril \u00e0 Octobre, 10h00 \u2013 18h00<\/li>\n<li><strong>Adresse :<\/strong> Place du Palais, 98015 Monaco<\/li>\n<\/ul>\n<p>&nbsp;<\/p>\n<p><a style=\"font-family: -apple-system, BlinkMacSystemFont, &#039;Segoe UI&#039;, Roboto, &#039;Helvetica Neue&#039;, Arial, &#039;Noto Sans&#039;, sans-serif, &#039;Apple Color Emoji&#039;, &#039;Segoe UI Emoji&#039;, &#039;Segoe UI Symbol&#039;, &#039;Noto Color Emoji&#039;;\" href=\"https:\/\/www.visitepalaisdemonaco.com\/\" target=\"_blank\" rel=\"noopener\">En savoir plus sur le site officiel du Palais Princier<\/a><\/p>\n<p>&nbsp;<\/p>\n<p>&nbsp;<\/p>\n<h3><span class=\"ez-toc-section\" id=\"2_Le_Musee_Oceanographique\"><\/span>2. Le Mus\u00e9e Oc\u00e9anographique <img decoding=\"async\" class=\"alignnone  wp-image-7995\" src=\"https:\/\/francebus.com\/wp-content\/uploads\/2026\/03\/Capture-decran-2026-03-11-a-15.59.04-300x54.png\" alt=\"\" width=\"244\" height=\"44\" title=\"\" srcset=\"https:\/\/francebus.com\/wp-content\/uploads\/2026\/03\/Capture-decran-2026-03-11-a-15.59.04-300x54.png 300w, https:\/\/francebus.com\/wp-content\/uploads\/2026\/03\/Capture-decran-2026-03-11-a-15.59.04-18x3.png 18w, https:\/\/francebus.com\/wp-content\/uploads\/2026\/03\/Capture-decran-2026-03-11-a-15.59.04.png 335w\" sizes=\"(max-width: 244px) 100vw, 244px\" \/><span class=\"ez-toc-section-end\"><\/span><\/h3>\n<p>&nbsp;<\/p>\n<p><iframe title=\"Mus\u00e9e oc\u00e9anographique de Monaco : toute une histoire\" width=\"800\" height=\"450\" src=\"https:\/\/www.youtube.com\/embed\/WD9CplO-uwU?feature=oembed\" frameborder=\"0\" allow=\"accelerometer; autoplay; clipboard-write; encrypted-media; gyroscope; picture-in-picture; web-share\" referrerpolicy=\"strict-origin-when-cross-origin\" allowfullscreen><\/iframe><\/p>\n<p>&nbsp;<\/p>\n<p><strong>Inaugur\u00e9 en 1910 par le Prince Albert Ier<\/strong>, ce \u00ab\u00a0Temple de la Mer\u00a0\u00bb est construit \u00e0 flanc de falaise. Il abrite plus de <strong>6 000 sp\u00e9cimens, un lagon aux requins spectaculaire et une terrasse panoramique offrant une vue \u00e0 360\u00b0 sur la Riviera<\/strong>.<\/p>\n<p>&nbsp;<\/p>\n<ul>\n<li><strong>Horaires :<\/strong> Tous les jours, 10h00 \u2013 19h00 (selon saison)<\/li>\n<li><strong>Tarifs :<\/strong>\n<div class=\"elementor-element elementor-element-3384dd36 ee-table-mobile-header--column no-header ee-table--responsive elementor-widget elementor-widget-table\" data-id=\"3384dd36\" data-element_type=\"widget\" data-widget_type=\"table.default\">\n<table style=\"border-collapse: collapse; width: 22.0176%; height: 115px;\">\n<tbody>\n<tr style=\"height: 23px;\">\n<td style=\"width: 17.3165%; height: 23px;\">Adulte (18 ans et +)<\/td>\n<td style=\"width: 4.70185%; height: 23px;\">22,50 \u20ac<\/td>\n<\/tr>\n<tr style=\"height: 23px;\">\n<td style=\"width: 17.3165%; height: 23px;\"><span class=\"ee-table__text\"><span class=\"ee-table__text__inner\">Etudiant (carte valide)<\/span><\/span><\/td>\n<td style=\"width: 4.70185%; height: 23px;\">14 \u20ac<\/td>\n<\/tr>\n<tr style=\"height: 23px;\">\n<td style=\"width: 17.3165%; height: 23px;\"><span class=\"ee-table__text\"><span class=\"ee-table__text__inner\">Enfant (4-17 ans inclus)<\/span><\/span><\/td>\n<td style=\"width: 4.70185%; height: 23px;\">14 \u20ac<\/td>\n<\/tr>\n<tr style=\"height: 23px;\">\n<td style=\"width: 17.3165%; height: 23px;\"><span class=\"ee-table__text\"><span class=\"ee-table__text__inner\">Enfant (moins de 4 ans)<\/span><\/span><\/td>\n<td style=\"width: 4.70185%; height: 23px;\">Gratuit<\/td>\n<\/tr>\n<tr style=\"height: 23px;\">\n<td style=\"width: 17.3165%; height: 23px;\"><span class=\"ee-table__text\"><span class=\"ee-table__text__inner\">Personne en situation de handicap<\/span><\/span><\/td>\n<td style=\"width: 4.70185%; height: 23px;\">11 \u20ac\u00a0<\/td>\n<\/tr>\n<\/tbody>\n<\/table>\n<\/div>\n<\/li>\n<li><strong>Adresse :<\/strong> Avenue Saint-Martin, 98000 Monaco<\/li>\n<\/ul>\n<p>&nbsp;<\/p>\n<p><a href=\"https:\/\/musee.oceano.org\/\" target=\"_blank\" rel=\"noopener\">En savoir plus sur le site Internet<\/a><\/p>\n<p>&nbsp;<\/p>\n<p>&nbsp;<\/p>\n<h3><span class=\"ez-toc-section\" id=\"3_Le_Casino_de_Monte-Carlo\"><\/span>3. Le Casino de Monte-Carlo <img decoding=\"async\" class=\"alignnone  wp-image-7996\" src=\"https:\/\/francebus.com\/wp-content\/uploads\/2026\/03\/Capture-decran-2026-03-11-a-16.00.54-300x53.png\" alt=\"\" width=\"260\" height=\"46\" title=\"\" srcset=\"https:\/\/francebus.com\/wp-content\/uploads\/2026\/03\/Capture-decran-2026-03-11-a-16.00.54-300x53.png 300w, https:\/\/francebus.com\/wp-content\/uploads\/2026\/03\/Capture-decran-2026-03-11-a-16.00.54-18x3.png 18w, https:\/\/francebus.com\/wp-content\/uploads\/2026\/03\/Capture-decran-2026-03-11-a-16.00.54.png 330w\" sizes=\"(max-width: 260px) 100vw, 260px\" \/><span class=\"ez-toc-section-end\"><\/span><\/h3>\n<p>&nbsp;<\/p>\n<p><iframe title=\"Monaco in 4K\" width=\"800\" height=\"450\" src=\"https:\/\/www.youtube.com\/embed\/QND7bEk14-M?feature=oembed\" frameborder=\"0\" allow=\"accelerometer; autoplay; clipboard-write; encrypted-media; gyroscope; picture-in-picture; web-share\" referrerpolicy=\"strict-origin-when-cross-origin\" allowfullscreen><\/iframe><\/p>\n<p>&nbsp;<\/p>\n<p><strong>Chef-d&rsquo;\u0153uvre de Charles Garnier<\/strong> (architecte de l&rsquo;Op\u00e9ra de Paris), ce casino est le c\u0153ur battant du luxe. <strong>Ses salons de jeu orn\u00e9s d&rsquo;ors et de marbres sont mondialement c\u00e9l\u00e8bres.<\/strong> Les visites culturelles sans jeu sont possibles le matin.<\/p>\n<p>&nbsp;<\/p>\n<ul>\n<li><strong>Horaires :<\/strong> Visites 10h00 \u2013 13h00 ; Jeux d\u00e8s 14h00<\/li>\n<li><strong>Adresse :<\/strong> Place du Casino, 98000 Monaco<\/li>\n<\/ul>\n<p>&nbsp;<\/p>\n<p><a href=\"https:\/\/www.montecarlosbm.com\/fr\/casino-monaco\/casino-monte-carlo\" target=\"_blank\" rel=\"noopener\">En savoir plus sur le site officiel du Casino<\/a><\/p>\n<p>&nbsp;<\/p>\n<p>&nbsp;<\/p>\n<h3><span class=\"ez-toc-section\" id=\"4_Le_Jardin_Exotique_de_Monaco\"><\/span>4. Le Jardin Exotique de Monaco <img loading=\"lazy\" decoding=\"async\" class=\"alignnone  wp-image-7998\" src=\"https:\/\/francebus.com\/wp-content\/uploads\/2026\/03\/Capture-decran-2026-03-11-a-16.04.41-300x50.png\" alt=\"\" width=\"258\" height=\"43\" title=\"\" srcset=\"https:\/\/francebus.com\/wp-content\/uploads\/2026\/03\/Capture-decran-2026-03-11-a-16.04.41-300x50.png 300w, https:\/\/francebus.com\/wp-content\/uploads\/2026\/03\/Capture-decran-2026-03-11-a-16.04.41-18x3.png 18w, https:\/\/francebus.com\/wp-content\/uploads\/2026\/03\/Capture-decran-2026-03-11-a-16.04.41.png 347w\" sizes=\"(max-width: 258px) 100vw, 258px\" \/><span class=\"ez-toc-section-end\"><\/span><\/h3>\n<p>&nbsp;<\/p>\n<p><iframe title=\"Monaco, Exotic Garden (Jardin Exotique) [HD] (videoturysta.eu)\" width=\"800\" height=\"450\" src=\"https:\/\/www.youtube.com\/embed\/zBCj-9zfMW0?feature=oembed\" frameborder=\"0\" allow=\"accelerometer; autoplay; clipboard-write; encrypted-media; gyroscope; picture-in-picture; web-share\" referrerpolicy=\"strict-origin-when-cross-origin\" allowfullscreen><\/iframe><\/p>\n<p>&nbsp;<\/p>\n<p>Unique en son genre, il rassemble des <strong>milliers d&rsquo;esp\u00e8ces de plantes \u00ab\u00a0succulentes\u00a0\u00bb<\/strong> (cactus) sur une falaise escarp\u00e9e. La visite inclut \u00e9galement la <strong>Grotte de l&rsquo;Observatoire<\/strong>, une <strong>cavit\u00e9 naturelle situ\u00e9e \u00e0 100m sous le niveau de la mer<\/strong>.<\/p>\n<p>&nbsp;<\/p>\n<ul>\n<li><strong>Horaires :<\/strong> 8h30 \u2013 15h30 ; <strong>visites guid\u00e9es<\/strong> le samedi de 10h00 \u00e0 14h00 sous r\u00e9servation\u00a0<\/li>\n<li><strong>Adresse :<\/strong> 62 Bd du Jardin Exotique, 98000 Monaco<\/li>\n<\/ul>\n<p>&nbsp;<\/p>\n<p><a href=\"https:\/\/www.jardin-exotique.mc\/fr\/preparer-ma-visite\" target=\"_blank\" rel=\"noopener\">En savoir plus sur le site Internet<\/a><\/p>\n<p>&nbsp;<\/p>\n<p>&nbsp;<\/p>\n<h3><span class=\"ez-toc-section\" id=\"5_La_Cathedrale_Notre-Dame-Immaculee\"><\/span>5. La Cath\u00e9drale Notre-Dame-Immacul\u00e9e <img loading=\"lazy\" decoding=\"async\" class=\"alignnone  wp-image-7999\" src=\"https:\/\/francebus.com\/wp-content\/uploads\/2026\/03\/Capture-decran-2026-03-11-a-16.05.07.png\" alt=\"\" width=\"205\" height=\"49\" title=\"\" srcset=\"https:\/\/francebus.com\/wp-content\/uploads\/2026\/03\/Capture-decran-2026-03-11-a-16.05.07.png 238w, https:\/\/francebus.com\/wp-content\/uploads\/2026\/03\/Capture-decran-2026-03-11-a-16.05.07-18x4.png 18w\" sizes=\"(max-width: 205px) 100vw, 205px\" \/><span class=\"ez-toc-section-end\"><\/span><\/h3>\n<p>&nbsp;<\/p>\n<p><iframe title=\"Cathedrale de Monaco\" width=\"800\" height=\"450\" src=\"https:\/\/www.youtube.com\/embed\/3e9cpOZWomA?feature=oembed\" frameborder=\"0\" allow=\"accelerometer; autoplay; clipboard-write; encrypted-media; gyroscope; picture-in-picture; web-share\" referrerpolicy=\"strict-origin-when-cross-origin\" allowfullscreen><\/iframe><\/p>\n<p>&nbsp;<\/p>\n<p><strong>\u00c9difice de style romano-byzantin<\/strong> construit en pierre blanche de La Turbie, c&rsquo;est le lieu des grands \u00e9v\u00e9nements princiers. Elle abrite les s\u00e9pultures du Prince Rainier III et de la Princesse Grace, ainsi qu&rsquo;un retable de Louis Br\u00e9a datant de 1500.<\/p>\n<p>&nbsp;<\/p>\n<ul>\n<li><strong>Horaires :<\/strong> 9h00 \u2013 18h00 (hors c\u00e9r\u00e9monies religieuses)<\/li>\n<li><strong>Adresse :<\/strong> 4 Rue Colonel Bellando de Castro, 98000 Monaco<\/li>\n<\/ul>\n<p>&nbsp;<\/p>\n<p><a href=\"https:\/\/diocese.mc\/\" target=\"_blank\" rel=\"noopener\">En savoir plus sur le site Internet<\/a><\/p>\n<p>&nbsp;<\/p>\n<p>&nbsp;<\/p>\n<h3><span class=\"ez-toc-section\" id=\"6_Le_Jardin_Japonais\"><\/span>6. Le Jardin Japonais <img loading=\"lazy\" decoding=\"async\" class=\"alignnone  wp-image-8000\" src=\"https:\/\/francebus.com\/wp-content\/uploads\/2026\/03\/Capture-decran-2026-03-11-a-16.06.34.png\" alt=\"\" width=\"121\" height=\"37\" title=\"\" srcset=\"https:\/\/francebus.com\/wp-content\/uploads\/2026\/03\/Capture-decran-2026-03-11-a-16.06.34.png 210w, https:\/\/francebus.com\/wp-content\/uploads\/2026\/03\/Capture-decran-2026-03-11-a-16.06.34-18x5.png 18w\" sizes=\"(max-width: 121px) 100vw, 121px\" \/><span class=\"ez-toc-section-end\"><\/span><\/h3>\n<p>&nbsp;<\/p>\n<p><iframe title=\"Jardin Japonais Monaco by Drone\" width=\"800\" height=\"450\" src=\"https:\/\/www.youtube.com\/embed\/IB3aduMvIDM?feature=oembed\" frameborder=\"0\" allow=\"accelerometer; autoplay; clipboard-write; encrypted-media; gyroscope; picture-in-picture; web-share\" referrerpolicy=\"strict-origin-when-cross-origin\" allowfullscreen><\/iframe><\/p>\n<p>&nbsp;<\/p>\n<p>Situ\u00e9 en bord de mer, ce <strong>jardin zen de 7 000 m2<\/strong> est une \u0153uvre d&rsquo;art vivante cr\u00e9\u00e9e selon les principes de la pens\u00e9e nippone. <strong>Cascade, pont rouge, salon de th\u00e9 et carpes Ko\u00ef<\/strong> offrent une parenth\u00e8se de calme absolu.<\/p>\n<p>&nbsp;<\/p>\n<ul>\n<li><strong>Horaires :<\/strong> 9h00 \u2013 Coucher du soleil<\/li>\n<li><strong>Tarifs :<\/strong> Gratuit<\/li>\n<li><strong>Adresse :<\/strong> 5 Avenue Princesse Grace, 98000 Monaco<\/li>\n<\/ul>\n<p>&nbsp;<\/p>\n<p><a href=\"https:\/\/www.parcsetjardins.fr\/jardins\/1055-jardin-japonais-de-monaco\" target=\"_blank\" rel=\"noopener\">En savoir plus sur le site Internet<\/a><\/p>\n<p>&nbsp;<\/p>\n<p>&nbsp;<\/p>\n<h3><span class=\"ez-toc-section\" id=\"7_La_collection_dautomobiles_du_Prince_de_Monaco\"><\/span>7. La collection d&rsquo;automobiles du Prince de Monaco <img loading=\"lazy\" decoding=\"async\" class=\"alignnone  wp-image-8001\" src=\"https:\/\/francebus.com\/wp-content\/uploads\/2026\/03\/Capture-decran-2026-03-11-a-16.06.53-300x65.png\" alt=\"\" width=\"249\" height=\"54\" title=\"\" srcset=\"https:\/\/francebus.com\/wp-content\/uploads\/2026\/03\/Capture-decran-2026-03-11-a-16.06.53-300x65.png 300w, https:\/\/francebus.com\/wp-content\/uploads\/2026\/03\/Capture-decran-2026-03-11-a-16.06.53-18x4.png 18w, https:\/\/francebus.com\/wp-content\/uploads\/2026\/03\/Capture-decran-2026-03-11-a-16.06.53.png 386w\" sizes=\"(max-width: 249px) 100vw, 249px\" \/><span class=\"ez-toc-section-end\"><\/span><\/h3>\n<p>&nbsp;<\/p>\n<p><iframe title=\"Automobile : Nouveau Mus\u00e9e pour la Collection du Prince\" width=\"800\" height=\"450\" src=\"https:\/\/www.youtube.com\/embed\/coW7apGPYpQ?feature=oembed\" frameborder=\"0\" allow=\"accelerometer; autoplay; clipboard-write; encrypted-media; gyroscope; picture-in-picture; web-share\" referrerpolicy=\"strict-origin-when-cross-origin\" allowfullscreen><\/iframe><\/p>\n<p>&nbsp;<\/p>\n<p>Situ\u00e9e d\u00e9sormais sur le Port Hercule, cette <strong>collection priv\u00e9e<\/strong> regroupe des joyaux m\u00e9caniques : <strong>des carrosses d&rsquo;\u00e9poque aux Formule 1 de Leclerc, en passant par la Lexus du mariage princier<\/strong>. Un paradis pour les passionn\u00e9s d&rsquo;histoire automobile.<\/p>\n<p>&nbsp;<\/p>\n<ul>\n<li><strong>Horaires :<\/strong> 10h00 \u2013 18h00<\/li>\n<li><strong>Adresse :<\/strong> 54 Route de la Piscine, 98000 Monaco<\/li>\n<\/ul>\n<p>&nbsp;<\/p>\n<p><a href=\"https:\/\/www.mtcc.mc\/\" target=\"_blank\" rel=\"noopener\">En savoir plus sur le site officiel<\/a><\/p>\n<p>&nbsp;<\/p>\n<p>&nbsp;<\/p>\n<h3><span class=\"ez-toc-section\" id=\"8_Le_Fort_Antoine\"><\/span>8. Le Fort Antoine <img loading=\"lazy\" decoding=\"async\" class=\"alignnone  wp-image-8002\" src=\"https:\/\/francebus.com\/wp-content\/uploads\/2026\/03\/Capture-decran-2026-03-11-a-16.08.11.png\" alt=\"\" width=\"186\" height=\"46\" title=\"\" srcset=\"https:\/\/francebus.com\/wp-content\/uploads\/2026\/03\/Capture-decran-2026-03-11-a-16.08.11.png 242w, https:\/\/francebus.com\/wp-content\/uploads\/2026\/03\/Capture-decran-2026-03-11-a-16.08.11-18x4.png 18w\" sizes=\"(max-width: 186px) 100vw, 186px\" \/><span class=\"ez-toc-section-end\"><\/span><\/h3>\n<p>&nbsp;<\/p>\n<figure id=\"attachment_8011\" aria-describedby=\"caption-attachment-8011\" style=\"width: 900px\" class=\"wp-caption aligncenter\"><img loading=\"lazy\" decoding=\"async\" class=\"wp-image-8011 size-full\" src=\"https:\/\/francebus.com\/wp-content\/uploads\/2026\/03\/Fort-Antoine-1.jpg?_t=1773306369\" alt=\"Fort Antoine, Monaco\" width=\"900\" height=\"600\" title=\"\" srcset=\"https:\/\/francebus.com\/wp-content\/uploads\/2026\/03\/Fort-Antoine-1.jpg 900w, https:\/\/francebus.com\/wp-content\/uploads\/2026\/03\/Fort-Antoine-1-300x200.jpg 300w, https:\/\/francebus.com\/wp-content\/uploads\/2026\/03\/Fort-Antoine-1-768x512.jpg 768w, https:\/\/francebus.com\/wp-content\/uploads\/2026\/03\/Fort-Antoine-1-18x12.jpg 18w\" sizes=\"(max-width: 900px) 100vw, 900px\" \/><figcaption id=\"caption-attachment-8011\" class=\"wp-caption-text\">Fort Antoine, Monaco<\/figcaption><\/figure>\n<p>&nbsp;<\/p>\n<p><strong>Ancienne forteresse du XVIIIe si\u00e8cle<\/strong> transform\u00e9e en <strong>th\u00e9\u00e2tre de plein air<\/strong>, c&rsquo;est l&rsquo;un des points de vue les plus spectaculaires de Monaco. On y admire les <strong>canons d&rsquo;\u00e9poque<\/strong> et une <strong>architecture militaire<\/strong> parfaitement pr\u00e9serv\u00e9e.<\/p>\n<p>&nbsp;<\/p>\n<ul>\n<li><strong>Horaires :<\/strong> Acc\u00e8s libre hors spectacles<\/li>\n<li><strong>Tarifs :<\/strong> Entr\u00e9e gratuite\u00a0<\/li>\n<li><strong>Adresse :<\/strong> Avenue de la Quarantaine, 98000 Monaco<\/li>\n<\/ul>\n<p>&nbsp;<\/p>\n<p><a href=\"https:\/\/www.theatrefortantoine.com\/\" target=\"_blank\" rel=\"noopener\">En savoir plus sur le site Internet<\/a><\/p>\n<p>&nbsp;<\/p>\n<p>&nbsp;<\/p>\n<h3><span class=\"ez-toc-section\" id=\"9_Le_Marche_de_la_Condamine\"><\/span>9. Le March\u00e9 de la Condamine <img loading=\"lazy\" decoding=\"async\" class=\"alignnone  wp-image-8003\" src=\"https:\/\/francebus.com\/wp-content\/uploads\/2026\/03\/Capture-decran-2026-03-11-a-16.08.25.png\" alt=\"\" width=\"204\" height=\"46\" title=\"\" srcset=\"https:\/\/francebus.com\/wp-content\/uploads\/2026\/03\/Capture-decran-2026-03-11-a-16.08.25.png 270w, https:\/\/francebus.com\/wp-content\/uploads\/2026\/03\/Capture-decran-2026-03-11-a-16.08.25-18x4.png 18w\" sizes=\"(max-width: 204px) 100vw, 204px\" \/><span class=\"ez-toc-section-end\"><\/span><\/h3>\n<p>&nbsp;<\/p>\n<figure id=\"attachment_8010\" aria-describedby=\"caption-attachment-8010\" style=\"width: 900px\" class=\"wp-caption aligncenter\"><img loading=\"lazy\" decoding=\"async\" class=\"wp-image-8010 size-full\" src=\"https:\/\/francebus.com\/wp-content\/uploads\/2026\/03\/Marche-de-la-Condamine-2.jpg?_t=1773303979\" alt=\"March\u00e9 de la Condamine, Monaco\" width=\"900\" height=\"600\" title=\"\" srcset=\"https:\/\/francebus.com\/wp-content\/uploads\/2026\/03\/Marche-de-la-Condamine-2.jpg 900w, https:\/\/francebus.com\/wp-content\/uploads\/2026\/03\/Marche-de-la-Condamine-2-300x200.jpg 300w, https:\/\/francebus.com\/wp-content\/uploads\/2026\/03\/Marche-de-la-Condamine-2-768x512.jpg 768w, https:\/\/francebus.com\/wp-content\/uploads\/2026\/03\/Marche-de-la-Condamine-2-18x12.jpg 18w\" sizes=\"(max-width: 900px) 100vw, 900px\" \/><figcaption id=\"caption-attachment-8010\" class=\"wp-caption-text\">March\u00e9 de la Condamine, Monaco<\/figcaption><\/figure>\n<p>&nbsp;<\/p>\n<p>C&rsquo;est le c\u0153ur authentique de Monaco. Sous les arcades de la Place d&rsquo;Armes, vous d\u00e9couvrirez les <strong>sp\u00e9cialit\u00e9s locales comme le Barbagiuan ou la Socca<\/strong>. L&rsquo;ambiance y est conviviale et typiquement m\u00e9diterran\u00e9enne.<\/p>\n<p>&nbsp;<\/p>\n<ul>\n<li><strong>Horaires :<\/strong> March\u00e9 7h00 \u2013 15h30 ; Halle gourmande le soir (Mar-Sam)<\/li>\n<li><strong>Adresse :<\/strong> 15 Place d&rsquo;Armes, 98000 Monaco<\/li>\n<\/ul>\n<p>&nbsp;<\/p>\n<p><a href=\"https:\/\/www.visitmonaco.com\/explorer\/les-12-incontournables-de-monaco\/marche-de-la-condamine\" target=\"_blank\" rel=\"noopener\">En savoir plus sur le site Internet<\/a><\/p>\n<p>&nbsp;<\/p>\n<p>&nbsp;<\/p>\n<h3><span class=\"ez-toc-section\" id=\"10_La_Roseraie_Princesse_Grace\"><\/span>10. La Roseraie Princesse Grace <img loading=\"lazy\" decoding=\"async\" class=\"alignnone  wp-image-8004\" src=\"https:\/\/francebus.com\/wp-content\/uploads\/2026\/03\/Capture-decran-2026-03-11-a-16.09.54-300x62.png\" alt=\"\" width=\"266\" height=\"55\" title=\"\" srcset=\"https:\/\/francebus.com\/wp-content\/uploads\/2026\/03\/Capture-decran-2026-03-11-a-16.09.54-300x62.png 300w, https:\/\/francebus.com\/wp-content\/uploads\/2026\/03\/Capture-decran-2026-03-11-a-16.09.54-18x4.png 18w, https:\/\/francebus.com\/wp-content\/uploads\/2026\/03\/Capture-decran-2026-03-11-a-16.09.54.png 336w\" sizes=\"(max-width: 266px) 100vw, 266px\" \/><span class=\"ez-toc-section-end\"><\/span><\/h3>\n<p>&nbsp;<\/p>\n<p><iframe title=\"Monaco Roseraie Princesse Grace\" width=\"800\" height=\"600\" src=\"https:\/\/www.youtube.com\/embed\/EXctu3S1VGw?feature=oembed\" frameborder=\"0\" allow=\"accelerometer; autoplay; clipboard-write; encrypted-media; gyroscope; picture-in-picture; web-share\" referrerpolicy=\"strict-origin-when-cross-origin\" allowfullscreen><\/iframe><\/p>\n<p>&nbsp;<\/p>\n<p>Situ\u00e9e dans le <strong>quartier de Fontvieille<\/strong>, cette roseraie est un <strong>hommage romantique \u00e0 la Princesse Grace<\/strong>. Elle compte <strong>plus de 6 000 rosiers<\/strong> r\u00e9partis en <strong>300 vari\u00e9t\u00e9s diff\u00e9rentes<\/strong>, au milieu de <strong>sculptures contemporaines<\/strong>.<\/p>\n<p>&nbsp;<\/p>\n<ul>\n<li><strong>Horaires :<\/strong> Tous les jours, 24h\/24\u00a0<\/li>\n<li><strong>Adresse :<\/strong> Avenue des guelfes, 98000 Monaco<\/li>\n<\/ul>\n<p>&nbsp;<\/p>\n<p><a href=\"https:\/\/roseraie.mc\/\" target=\"_blank\" rel=\"noopener\">En savoir plus sur le site Internet<\/a><\/p>\n<p>&nbsp;<\/p>\n<p>&nbsp;<\/p>\n<h3><span class=\"ez-toc-section\" id=\"11_Le_Port_Hercule\"><\/span>11. Le Port Hercule<span class=\"ez-toc-section-end\"><\/span><\/h3>\n<p>&nbsp;<\/p>\n<p><iframe title=\"Port Hercule, Monaco\" width=\"800\" height=\"450\" src=\"https:\/\/www.youtube.com\/embed\/7OsPZaJ9EvU?feature=oembed\" frameborder=\"0\" allow=\"accelerometer; autoplay; clipboard-write; encrypted-media; gyroscope; picture-in-picture; web-share\" referrerpolicy=\"strict-origin-when-cross-origin\" allowfullscreen><\/iframe><\/p>\n<p>&nbsp;<\/p>\n<p>Le port naturel de Monaco est l&rsquo;un des rares ports en eaux profondes de la C\u00f4te d&rsquo;Azur. C&rsquo;est le th\u00e9\u00e2tre du <strong>Grand Prix de Formule 1<\/strong> et du <strong>Monaco Yacht Show<\/strong>. Une promenade sur les quais permet d&rsquo;admirer les plus grands super-yachts du globe.<\/p>\n<p>&nbsp;<\/p>\n<ul>\n<li><strong>Horaires :<\/strong> Acc\u00e8s libre 24h\/24<\/li>\n<li><strong>Adresse :<\/strong> Quai Albert 1er, 98000 Monaco<\/li>\n<\/ul>\n<p>&nbsp;<\/p>\n<p><a href=\"https:\/\/www.monte-carlo.mc\/fr\/informations-pratiques\/port-hercule\/\" target=\"_blank\" rel=\"noopener\">En savoir plus sur le site Internet<\/a><\/p>\n<p>&nbsp;<\/p>\n<p>&nbsp;<\/p>\n<h3><span class=\"ez-toc-section\" id=\"12_Le_Nouveau_Musee_National_Villa_Paloma\"><\/span>12. Le Nouveau Mus\u00e9e National (Villa Paloma) <img loading=\"lazy\" decoding=\"async\" class=\"alignnone size-full wp-image-8005\" src=\"https:\/\/francebus.com\/wp-content\/uploads\/2026\/03\/Capture-decran-2026-03-11-a-16.10.58.png\" alt=\"\" width=\"301\" height=\"51\" title=\"\" srcset=\"https:\/\/francebus.com\/wp-content\/uploads\/2026\/03\/Capture-decran-2026-03-11-a-16.10.58.png 301w, https:\/\/francebus.com\/wp-content\/uploads\/2026\/03\/Capture-decran-2026-03-11-a-16.10.58-18x3.png 18w\" sizes=\"(max-width: 301px) 100vw, 301px\" \/><span class=\"ez-toc-section-end\"><\/span><\/h3>\n<p>&nbsp;<\/p>\n<figure id=\"attachment_8014\" aria-describedby=\"caption-attachment-8014\" style=\"width: 900px\" class=\"wp-caption aligncenter\"><img loading=\"lazy\" decoding=\"async\" class=\"wp-image-8014 size-full\" src=\"https:\/\/francebus.com\/wp-content\/uploads\/2026\/03\/Villa-Paloma-1.jpg?_t=1773307644\" alt=\"Villa Paloma, Monaco\" width=\"900\" height=\"600\" title=\"\" srcset=\"https:\/\/francebus.com\/wp-content\/uploads\/2026\/03\/Villa-Paloma-1.jpg 900w, https:\/\/francebus.com\/wp-content\/uploads\/2026\/03\/Villa-Paloma-1-300x200.jpg 300w, https:\/\/francebus.com\/wp-content\/uploads\/2026\/03\/Villa-Paloma-1-768x512.jpg 768w, https:\/\/francebus.com\/wp-content\/uploads\/2026\/03\/Villa-Paloma-1-18x12.jpg 18w\" sizes=\"(max-width: 900px) 100vw, 900px\" \/><figcaption id=\"caption-attachment-8014\" class=\"wp-caption-text\">Villa Paloma, Monaco<\/figcaption><\/figure>\n<p>&nbsp;<\/p>\n<p>Situ\u00e9e pr\u00e8s du Jardin Exotique, cette villa historique accueille des <strong>expositions d&rsquo;art contemporain de haut niveau<\/strong>. Elle met en avant le <strong>patrimoine culturel de la Principaut\u00e9<\/strong> \u00e0 travers des th\u00e9matiques modernes et innovantes.<\/p>\n<p>&nbsp;<\/p>\n<ul>\n<li><strong>Horaires :<\/strong> 10h00 \u2013 18h00 (en p\u00e9riode d&rsquo;exposition) ; \u00c9t\u00e9 : 11h00 &#8211; 19h00<\/li>\n<li><strong>Tarifs :<\/strong><br \/>\n<table style=\"border-collapse: collapse; width: 40.8237%;\">\n<tbody>\n<tr>\n<td style=\"width: 35.2113%;\">Entr\u00e9e\u00a0<\/td>\n<td style=\"width: 3.67708%;\">6 \u20ac<\/td>\n<\/tr>\n<tr>\n<td style=\"width: 35.2113%;\">Tarifs groupe (min 15.pers)<\/td>\n<td style=\"width: 3.67708%;\">4 \u20ac<\/td>\n<\/tr>\n<tr>\n<td style=\"width: 35.2113%;\">D\u00e9tenteur de la carte Cercle A<\/td>\n<td style=\"width: 3.67708%;\">4 \u20ac<\/td>\n<\/tr>\n<tr>\n<td style=\"width: 35.2113%;\">Entr\u00e9e gratuite tous les dimanches\u00a0<\/td>\n<td style=\"width: 3.67708%;\">\u00a0<\/td>\n<\/tr>\n<tr>\n<td style=\"width: 35.2113%;\">Gratuit pour les moins de 26 ans, \u00e9tudiants, groupes scolaires et groupes d\u2019enfants, Mon\u00e9gasques, membres ICOM et CIMAM, demandeurs d\u2019emploi sur justificatif, personnes en situation de handicap<\/td>\n<td style=\"width: 3.67708%;\">\u00a0<\/td>\n<\/tr>\n<\/tbody>\n<\/table>\n<\/li>\n<li id=\"tarifs\" class=\"wp-block-heading\"><strong>Visites guid\u00e9es :<\/strong> L\u2019\u00e9quipe de m\u00e9diation du Mus\u00e9e propose des visites guid\u00e9es<\/li>\n<\/ul>\n<p><strong>1. Sans r\u00e9servation :<\/strong><br \/>\nLe jeudi \u00e0 12H30 (30min)<br \/>\nLe samedi \u00e0 11h (45 min)<br \/>\nLe dimanche \u00e0 15h (45 min)<\/p>\n<p><strong>2. Sur rendez-vous :<\/strong><br \/>\nTous les jours pour les groupes (\u00e0 partir de 10 personnes)<\/p>\n<p><strong>3. Les tarifs :<\/strong><br \/>\n6\u20ac par personne (gratuit pour les moins de 13 ans, les groupes scolaires, associations de la Principaut\u00e9) + billet d\u2019entr\u00e9e\u00a0<\/p>\n<ul>\n<li><strong>Adresse :<\/strong> 56 Boulevard du Jardin Exotique, 98000 Monaco<\/li>\n<\/ul>\n<p>&nbsp;<\/p>\n<p><a href=\"https:\/\/www.nmnm.mc\/le-musee\/histoire\/le-nmnm\/villa-paloma\/\" target=\"_blank\" rel=\"noopener\">En savoir plus sur le site Internet<\/a><\/p>\n<p>&nbsp;<\/p>\n<p>&nbsp;<\/p>\n<h3><span class=\"ez-toc-section\" id=\"13_Le_quartier_de_Monaco-ville_Le_Rocher\"><\/span>13. Le quartier de Monaco-ville (Le Rocher)<span class=\"ez-toc-section-end\"><\/span><\/h3>\n<p>&nbsp;<\/p>\n<p><iframe title=\"Monaco Ville - Le Rocher\" width=\"800\" height=\"450\" src=\"https:\/\/www.youtube.com\/embed\/WGMB7lknngQ?feature=oembed\" frameborder=\"0\" allow=\"accelerometer; autoplay; clipboard-write; encrypted-media; gyroscope; picture-in-picture; web-share\" referrerpolicy=\"strict-origin-when-cross-origin\" allowfullscreen><\/iframe><\/p>\n<p>&nbsp;<\/p>\n<p>C&rsquo;est la <strong>vieille ville<\/strong>. D\u00e9ambuler dans ses <strong>ruelles \u00e9troites et color\u00e9es<\/strong> est un voyage dans le temps. Vous y trouverez des <strong>petites boutiques artisanales<\/strong>, la <a href=\"https:\/\/www.visitmonaco.com\/explorer\/carte-interactive-de-monaco\/chapelle-de-la-misericorde\" target=\"_blank\" rel=\"noopener\">Chapelle de la Mis\u00e9ricorde<\/a> et de <strong>superbes points de vue sur les deux ports<\/strong>.<\/p>\n<p>&nbsp;<\/p>\n<ul>\n<li><strong>Horaires :<\/strong> En fonction des jours d&rsquo;ouverture (voir site internet)<\/li>\n<li><strong>Adresse :<\/strong> Place de la Visitation, 98000 Monaco<\/li>\n<\/ul>\n<p>&nbsp;<\/p>\n<p>&nbsp;<\/p>\n<h3><span class=\"ez-toc-section\" id=\"14_Les_Jardins_Saint-Martin_et_Sainte-Barbe\"><\/span>14. Les Jardins Saint-Martin et Sainte-Barbe\u00a0<span class=\"ez-toc-section-end\"><\/span><\/h3>\n<p>&nbsp;<\/p>\n<figure id=\"attachment_8015\" aria-describedby=\"caption-attachment-8015\" style=\"width: 900px\" class=\"wp-caption aligncenter\"><img loading=\"lazy\" decoding=\"async\" class=\"wp-image-8015 size-full\" src=\"https:\/\/francebus.com\/wp-content\/uploads\/2026\/03\/Jardins-Monaco-1.jpg?_t=1773309586\" alt=\"Credit : VisitMonaco\nJardins, Monaco \" width=\"900\" height=\"600\" title=\"\" srcset=\"https:\/\/francebus.com\/wp-content\/uploads\/2026\/03\/Jardins-Monaco-1.jpg 900w, https:\/\/francebus.com\/wp-content\/uploads\/2026\/03\/Jardins-Monaco-1-300x200.jpg 300w, https:\/\/francebus.com\/wp-content\/uploads\/2026\/03\/Jardins-Monaco-1-768x512.jpg 768w, https:\/\/francebus.com\/wp-content\/uploads\/2026\/03\/Jardins-Monaco-1-18x12.jpg 18w\" sizes=\"(max-width: 900px) 100vw, 900px\" \/><figcaption id=\"caption-attachment-8015\" class=\"wp-caption-text\">Credit : VisitMonaco Jardins, Monaco<\/figcaption><\/figure>\n<p>&nbsp;<\/p>\n<p><strong>Jardins Saint-Martin<\/strong><\/p>\n<p>&nbsp;<\/p>\n<p>Situ\u00e9s le long de la c\u00f4te sud-ouest du Rocher, ces jardins furent les premiers jardins publics ouverts en Principaut\u00e9 (1816). Ils offrent une promenade paisible entre des essences m\u00e9diterran\u00e9ennes et des plantes exotiques, agr\u00e9ment\u00e9e de sculptures (dont celle du Prince Albert Ier) et de points de vue spectaculaires sur la mer M\u00e9diterran\u00e9e.\u00a0<\/p>\n<p>&nbsp;<\/p>\n<ul>\n<li><strong>Horaires :<\/strong> Tous les jours de <strong>9h00 \u00e0 18h00<\/strong> (le samedi fermeture \u00e0 17h45)<\/li>\n<li><strong>Adresse :<\/strong> Avenue Saint-Martin (entre le Mus\u00e9e Oc\u00e9anographique et la Cath\u00e9drale), 98000 Monaco<\/li>\n<\/ul>\n<p>&nbsp;<\/p>\n<p><strong>Jardins Sainte-Barbe<\/strong><\/p>\n<p>&nbsp;<\/p>\n<p>Ces jardins se situent \u00e0 l&rsquo;extr\u00e9mit\u00e9 du Rocher, \u00e0 proximit\u00e9 imm\u00e9diate des Jardins Saint-Martin. Plus intimes, ils offrent des terrasses ombrag\u00e9es et un panorama exceptionnel sur le Port Hercule et le quartier de Monte-Carlo. On y trouve \u00e9galement des vestiges de fortifications et des canons anciens.\u00a0<\/p>\n<p>&nbsp;<\/p>\n<ul>\n<li><strong>Horaires :<\/strong> Acc\u00e8s libre en journ\u00e9e, <strong>9h00 &#8211; 18h00\u00a0<\/strong><\/li>\n<li><strong>Adresse :<\/strong> Avenue Sainte-Barbe, 98000 Monaco<\/li>\n<\/ul>\n<p>&nbsp;<\/p>\n<p><a href=\"https:\/\/www.visitmonaco.com\/explorer\/les-12-incontournables-de-monaco\/les-jardins-saint-martin-sainte-barbe\" target=\"_blank\" rel=\"noopener\">En savoir plus sur le site officiel de Monaco.\u00a0<\/a><\/p>\n<p>&nbsp;<\/p>\n<p>&nbsp;<\/p>\n<h3><span class=\"ez-toc-section\" id=\"15_Le_Theatre_Princesse_Grace\"><\/span>15. Le Th\u00e9\u00e2tre Princesse Grace <img loading=\"lazy\" decoding=\"async\" class=\"alignnone  wp-image-8006\" src=\"https:\/\/francebus.com\/wp-content\/uploads\/2026\/03\/Capture-decran-2026-03-11-a-16.11.55.png\" alt=\"\" width=\"215\" height=\"53\" title=\"\" srcset=\"https:\/\/francebus.com\/wp-content\/uploads\/2026\/03\/Capture-decran-2026-03-11-a-16.11.55.png 256w, https:\/\/francebus.com\/wp-content\/uploads\/2026\/03\/Capture-decran-2026-03-11-a-16.11.55-18x4.png 18w\" sizes=\"(max-width: 215px) 100vw, 215px\" \/><span class=\"ez-toc-section-end\"><\/span><\/h3>\n<p>&nbsp;<\/p>\n<figure id=\"attachment_8012\" aria-describedby=\"caption-attachment-8012\" style=\"width: 900px\" class=\"wp-caption aligncenter\"><img loading=\"lazy\" decoding=\"async\" class=\"wp-image-8012 size-full\" src=\"https:\/\/francebus.com\/wp-content\/uploads\/2026\/03\/Theatre-de-Monaco-1.jpg?_t=1773307204\" alt=\"Th\u00e9\u00e2tre, Monaco\" width=\"900\" height=\"600\" title=\"\" srcset=\"https:\/\/francebus.com\/wp-content\/uploads\/2026\/03\/Theatre-de-Monaco-1.jpg 900w, https:\/\/francebus.com\/wp-content\/uploads\/2026\/03\/Theatre-de-Monaco-1-300x200.jpg 300w, https:\/\/francebus.com\/wp-content\/uploads\/2026\/03\/Theatre-de-Monaco-1-768x512.jpg 768w, https:\/\/francebus.com\/wp-content\/uploads\/2026\/03\/Theatre-de-Monaco-1-18x12.jpg 18w\" sizes=\"(max-width: 900px) 100vw, 900px\" \/><figcaption id=\"caption-attachment-8012\" class=\"wp-caption-text\">Th\u00e9\u00e2tre, Monaco<\/figcaption><\/figure>\n<p>&nbsp;<\/p>\n<p>Inaugur\u00e9 par la Princesse elle-m\u00eame, ce th\u00e9\u00e2tre est un <strong>haut lieu de la culture mon\u00e9gasque<\/strong> avec une programmation th\u00e9\u00e2trale exigeante et vari\u00e9e, souvent port\u00e9e par des t\u00eates d&rsquo;affiche fran\u00e7aises et internationales.<\/p>\n<p>&nbsp;<\/p>\n<ul>\n<li><strong>Horaires :<\/strong> Selon programmation (Billetterie 9h30-13h\/14h-17h)<\/li>\n<li><strong>Adresse :<\/strong> 12 Avenue d&rsquo;Ostende, 98000 Monaco<\/li>\n<\/ul>\n<p>&nbsp;<\/p>\n<p><a href=\"https:\/\/www.tpgmonaco.mc\/\" target=\"_blank\" rel=\"noopener\">En savoir plus sur le site officiel du Th\u00e9\u00e2tre Princesse Grace<\/a><\/p>\n<p>&nbsp;<\/p>\n<p>&nbsp;<\/p>\n<h2><span class=\"ez-toc-section\" id=\"Logistique_et_transport_maximiser_votre_journee\"><\/span>Logistique et transport : maximiser votre journ\u00e9e<span class=\"ez-toc-section-end\"><\/span><\/h2>\n<p>&nbsp;<\/p>\n<h3><span class=\"ez-toc-section\" id=\"Pourquoi_choisir_le_minivan_et_le_minibus\"><\/span>Pourquoi choisir le minivan et le minibus ?<span class=\"ez-toc-section-end\"><\/span><\/h3>\n<p>&nbsp;<\/p>\n<p>Naviguer \u00e0 Monaco en grand groupe peut s&rsquo;av\u00e9rer complexe. Le minivan (7-8 places) et le minibus (jusqu&rsquo;\u00e0 19 places) sont les solutions les plus agiles :<\/p>\n<p>&nbsp;<\/p>\n<ul>\n<li><strong>Acc\u00e8s aux points strat\u00e9giques :<\/strong> Ils peuvent circuler l\u00e0 o\u00f9 les grands bus sont interdits.<\/li>\n<li><strong>D\u00e9p\u00f4ts optimis\u00e9s :<\/strong> Votre chauffeur vous d\u00e9pose directement devant le Palais ou le Casino, vous \u00e9vitant de longues marches en pente.<\/li>\n<li><strong>Confort et intimit\u00e9 :<\/strong> Id\u00e9al pour un groupe d&rsquo;amis ou une famille souhaitant un service porte-\u00e0-porte.<\/li>\n<\/ul>\n<p>&nbsp;<\/p>\n<h3><span class=\"ez-toc-section\" id=\"Reglementations_pour_les_autocars_a_Monaco\"><\/span>R\u00e9glementations pour les autocars \u00e0 Monaco<span class=\"ez-toc-section-end\"><\/span><\/h3>\n<p>&nbsp;<\/p>\n<p>La Principaut\u00e9 impose des r\u00e8gles strictes pour pr\u00e9server sa fluidit\u00e9 :<\/p>\n<p>&nbsp;<\/p>\n<ul>\n<li><strong>R\u00e9gule de v\u00e9hicules :<\/strong> <strong>chaque autocar<\/strong> doit payer une r\u00e9gule de <strong>190\u20ac<\/strong> pour acc\u00e9der \u00e0 la principaut\u00e9.<\/li>\n<li><strong>Parkings obligatoires :<\/strong> Le stationnement se fait exclusivement au <strong>Parking des P\u00eacheurs<\/strong> (sous le Rocher) ou au <strong>Parking Grimaldi Forum<\/strong>.<\/li>\n<li><strong>Circulation :<\/strong> Certains axes sont strictement interdits aux v\u00e9hicules de plus de 3,5 tonnes hors d\u00e9rogation.<\/li>\n<\/ul>\n<p>&nbsp;<\/p>\n<p><a href=\"https:\/\/monentreprise.gouv.mc\/thematiques\/transports\/acces-circulation-et-stationnement\/stationnement-et-livraison\/regulation-des-autocars-de-tourisme\" target=\"_blank\" rel=\"noopener\">En savoir plus sur les r\u00e9glementations mon\u00e9gasques.<\/a>\u00a0<\/p>\n<p>&nbsp;<\/p>\n<p><a href=\"https:\/\/francebus.com\/location-bus-monaco\/\" target=\"_blank\" rel=\"noopener\">En savoir plus sur la location de bus \u00e0 Monaco.<\/a>\u00a0<\/p>\n<p>&nbsp;<\/p>\n<p>&nbsp;<\/p>\n<h2><span class=\"ez-toc-section\" id=\"Pourquoi_choisir_Francebus_comme_prestataire_de_transport\"><\/span>Pourquoi choisir Francebus comme prestataire de transport ?<span class=\"ez-toc-section-end\"><\/span><\/h2>\n<p>&nbsp;<\/p>\n<p>Nous sommes l&rsquo;interlocuteur de r\u00e9f\u00e9rence sur la Riviera. Opter pour nos services garantit :<\/p>\n<p>&nbsp;<\/p>\n<ul>\n<li><strong>Des chauffeurs locaux<\/strong> : Des conducteurs qui connaissent les raccourcis et les zones de d\u00e9pose les plus pratiques.<\/li>\n<li><strong>Une qualit\u00e9 premium<\/strong> : Une <a href=\"https:\/\/francebus.com\/notre-flotte\/\" target=\"_blank\" rel=\"noopener\">flotte de v\u00e9hicules<\/a> <strong>r\u00e9cents, climatis\u00e9s, garantissant une ponctualit\u00e9<\/strong> exemplaire :<\/li>\n<\/ul>\n<p>&#8211; Minivans : 8 places\u00a0<\/p>\n<p>&#8211; Minibus : 19 places\u00a0<\/p>\n<p>&#8211; Midibus : 35 places\u00a0<\/p>\n<p>&#8211; Autocars : 49 places et +\u00a0<\/p>\n<p>&#8211; Berlines \u00ab\u00a0haut de gamme\u00a0\u00bb\u00a0<\/p>\n<p>&nbsp;<\/p>\n<p>Choisir Francebus, c&rsquo;est <strong>s&rsquo;assurer :\u00a0<\/strong><\/p>\n<p>&nbsp;<\/p>\n<p>\u2705 confort\u00a0<\/p>\n<p>\u2705 fiabilit\u00e9\u00a0<\/p>\n<p>\u2705 ponctualit\u00e9\u00a0<\/p>\n<p>\u2705 s\u00e9curit\u00e9\u00a0<\/p>\n<p>\u2705 s\u00e9r\u00e9nit\u00e9 d&rsquo;esprit\u00a0<\/p>\n<p>&nbsp;<\/p>\n<p><em>N&rsquo;h\u00e9sitez plus et voyagez avec Francebus !\u00a0<\/em><\/p>\n<p>&nbsp;<\/p>\n<h2><span class=\"ez-toc-section\" id=\"Demandez_votre_devis_gratuit_en_ligne\"><\/span><a href=\"https:\/\/francebus.com\/devis\/\" target=\"_blank\" rel=\"noopener\">Demandez votre devis gratuit en ligne.\u00a0<\/a><span class=\"ez-toc-section-end\"><\/span><\/h2>\n<p>&nbsp;<\/p>\n<p>Voici quelques id\u00e9es de tarifs (<strong>tarifs sans engagement<\/strong>), \u00e0 partir de :\u00a0<\/p>\n<p>&nbsp;<\/p>\n<table style=\"width: 97.9578%;\" data-path-to-node=\"65\">\n<thead>\n<tr>\n<td style=\"width: 24.2503%; text-align: center;\"><strong>Ville de d\u00e9part<\/strong><\/td>\n<td style=\"width: 12.1252%; text-align: center;\"><strong>Destination<\/strong><\/td>\n<td style=\"width: 19.0352%; text-align: center;\"><strong>Minivan (8 pers)<\/strong><\/td>\n<td style=\"width: 20.5997%; text-align: center;\"><strong>Minibus (19 pers)<\/strong><\/td>\n<td style=\"width: 148.631%; text-align: center;\"><strong>Autocar (50 pers)<\/strong><\/td>\n<\/tr>\n<\/thead>\n<tbody>\n<tr>\n<td style=\"width: 24.2503%; text-align: center;\">Nice (Centre\/A\u00e9roport)<\/td>\n<td style=\"width: 12.1252%; text-align: center;\"><span data-path-to-node=\"65,1,1,0\">Monaco<\/span><\/td>\n<td style=\"width: 19.0352%; text-align: center;\"><span data-path-to-node=\"65,1,2,0\">D\u00e8s 720 \u20ac*<\/span><\/td>\n<td style=\"width: 20.5997%; text-align: center;\"><span data-path-to-node=\"65,1,3,0\">D\u00e8s 780 \u20ac*<\/span><\/td>\n<td style=\"width: 148.631%; text-align: center;\"><span data-path-to-node=\"65,1,4,0\">D\u00e8s 820 \u20ac*<\/span><\/td>\n<\/tr>\n<tr>\n<td style=\"width: 24.2503%; text-align: center;\">Cannes \/ La Croisette<\/td>\n<td style=\"width: 12.1252%; text-align: center;\"><span data-path-to-node=\"65,2,1,0\">Monaco<\/span><\/td>\n<td style=\"width: 19.0352%; text-align: center;\"><span data-path-to-node=\"65,2,2,0\">D\u00e8s 720 \u20ac<\/span><\/td>\n<td style=\"width: 20.5997%; text-align: center;\"><span data-path-to-node=\"65,2,3,0\">D\u00e8s 780 \u20ac<\/span><\/td>\n<td style=\"width: 148.631%; text-align: center;\"><span data-path-to-node=\"65,2,4,0\">D\u00e8s 840 \u20ac<\/span><\/td>\n<\/tr>\n<tr>\n<td style=\"width: 24.2503%; text-align: center;\">Antibes \/ Juan-les-Pins<\/td>\n<td style=\"width: 12.1252%; text-align: center;\"><span data-path-to-node=\"65,3,1,0\">Monaco<\/span><\/td>\n<td style=\"width: 19.0352%; text-align: center;\"><span data-path-to-node=\"65,3,2,0\">D\u00e8s 720 \u20ac<\/span><\/td>\n<td style=\"width: 20.5997%; text-align: center;\"><span data-path-to-node=\"65,3,3,0\">D\u00e8s 780 \u20ac<\/span><\/td>\n<td style=\"width: 148.631%; text-align: center;\"><span data-path-to-node=\"65,3,4,0\">D\u00e8s 840 \u20ac<\/span><\/td>\n<\/tr>\n<tr>\n<td style=\"width: 24.2503%; text-align: center;\">Menton<\/td>\n<td style=\"width: 12.1252%; text-align: center;\"><span data-path-to-node=\"65,4,1,0\">Monaco<\/span><\/td>\n<td style=\"width: 19.0352%; text-align: center;\"><span data-path-to-node=\"65,4,2,0\">D\u00e8s 720 \u20ac<\/span><\/td>\n<td style=\"width: 20.5997%; text-align: center;\"><span data-path-to-node=\"65,4,3,0\">D\u00e8s 780 \u20ac<\/span><\/td>\n<td style=\"width: 148.631%; text-align: center;\"><span data-path-to-node=\"65,4,4,0\">D\u00e8s 840 \u20ac<\/span><\/td>\n<\/tr>\n<tr>\n<td style=\"width: 24.2503%; text-align: center;\">Villefranche-sur-Mer<\/td>\n<td style=\"width: 12.1252%; text-align: center;\"><span data-path-to-node=\"65,5,1,0\">Monaco<\/span><\/td>\n<td style=\"width: 19.0352%; text-align: center;\"><span data-path-to-node=\"65,5,2,0\">D\u00e8s 720 \u20ac<\/span><\/td>\n<td style=\"width: 20.5997%; text-align: center;\"><span data-path-to-node=\"65,5,3,0\">D\u00e8s 780 \u20ac<\/span><\/td>\n<td style=\"width: 148.631%; text-align: center;\"><span data-path-to-node=\"65,5,4,0\">D\u00e8s 820 \u20ac<\/span><\/td>\n<\/tr>\n<\/tbody>\n<\/table>\n<p><span style=\"font-size: 8pt;\">*Tarifs hors frais de parking.\u00a0<\/span><\/p>\n<p>&nbsp;<\/p>\n<h2><span class=\"ez-toc-section\" id=\"Lire_davantage\"><\/span>Lire davantage :\u00a0<span class=\"ez-toc-section-end\"><\/span><\/h2>\n<p>&nbsp;<\/p>\n<p><a href=\"https:\/\/francebus.com\/transfert-aeroport-nice-cote-dazur-accueil-vip-groupes\/\" target=\"_blank\" rel=\"noopener\">Transferts a\u00e9roport Nice : organisez vos d\u00e9placements.\u00a0<\/a><\/p>\n","protected":false},"excerpt":{"rendered":"<p>Monaco : Le rocher de l&rsquo;excellence en une journ\u00e9e &nbsp; Nich\u00e9e entre mer et montagne, la Principaut\u00e9 de Monaco est une enclave de 2,02 km2 o\u00f9 chaque m\u00e8tre carr\u00e9 respire l&rsquo;histoire, le luxe et l&rsquo;innovation. Visiter Monaco en une journ\u00e9e est un d\u00e9fi passionnant : c&rsquo;est passer du faste des tapis rouges de Monte-Carlo \u00e0 [&hellip;]<\/p>\n","protected":false},"author":6,"featured_media":8283,"comment_status":"closed","ping_status":"closed","sticky":false,"template":"","format":"standard","meta":{"_jf_save_progress":"","footnotes":""},"categories":[210],"tags":[],"class_list":["post-7990","post","type-post","status-publish","format-standard","has-post-thumbnail","hentry","category-destinations-en-autocar"],"_links":{"self":[{"href":"https:\/\/francebus.com\/en\/wp-json\/wp\/v2\/posts\/7990","targetHints":{"allow":["GET"]}}],"collection":[{"href":"https:\/\/francebus.com\/en\/wp-json\/wp\/v2\/posts"}],"about":[{"href":"https:\/\/francebus.com\/en\/wp-json\/wp\/v2\/types\/post"}],"author":[{"embeddable":true,"href":"https:\/\/francebus.com\/en\/wp-json\/wp\/v2\/users\/6"}],"replies":[{"embeddable":true,"href":"https:\/\/francebus.com\/en\/wp-json\/wp\/v2\/comments?post=7990"}],"version-history":[{"count":9,"href":"https:\/\/francebus.com\/en\/wp-json\/wp\/v2\/posts\/7990\/revisions"}],"predecessor-version":[{"id":8168,"href":"https:\/\/francebus.com\/en\/wp-json\/wp\/v2\/posts\/7990\/revisions\/8168"}],"wp:featuredmedia":[{"embeddable":true,"href":"https:\/\/francebus.com\/en\/wp-json\/wp\/v2\/media\/8283"}],"wp:attachment":[{"href":"https:\/\/francebus.com\/en\/wp-json\/wp\/v2\/media?parent=7990"}],"wp:term":[{"taxonomy":"category","embeddable":true,"href":"https:\/\/francebus.com\/en\/wp-json\/wp\/v2\/categories?post=7990"},{"taxonomy":"post_tag","embeddable":true,"href":"https:\/\/francebus.com\/en\/wp-json\/wp\/v2\/tags?post=7990"}],"curies":[{"name":"wp","href":"https:\/\/api.w.org\/{rel}","templated":true}]}}