{"id":7969,"date":"2026-03-23T14:00:56","date_gmt":"2026-03-23T13:00:56","guid":{"rendered":"https:\/\/francebus.com\/?p=7969"},"modified":"2026-03-26T11:00:44","modified_gmt":"2026-03-26T10:00:44","slug":"top-day-trip-destinations-from-cannes","status":"publish","type":"post","link":"https:\/\/francebus.com\/en\/top-day-trip-destinations-from-cannes\/","title":{"rendered":"The best day trip destinations from Cannes"},"content":{"rendered":"<p>Organiser une excursion au d\u00e9part de\u00a0<a href=\"https:\/\/francebus.com\/location-bus-cannes\/\" target=\"_blank\" rel=\"noopener\">Cannes<\/a>, c\u2019est s\u2019offrir les cl\u00e9s de la C\u00f4te d\u2019Azur. Si la cit\u00e9 des festivals brille par son glamour et sa c\u00e9l\u00e8bre Croisette, elle est surtout le point d\u2019ancrage id\u00e9al pour rayonner vers des tr\u00e9sors insoup\u00e7onn\u00e9s.<\/p>\n<p>&nbsp;<\/p>\n<p>Que vous soyez un <strong>professionnel du tourisme, une entreprise en s\u00e9minaire ou un groupe d\u2019amis<\/strong>, la planification d\u2019une sortie dans la r\u00e9gion demande une attention particuli\u00e8re. Entre le bleu azur du littoral et le vert olive de l\u2019arri\u00e8re-pays, les distances sont courtes mais les ambiances radicalement diff\u00e9rentes. R\u00e9ussir son excursion cannoise, c\u2019est savoir \u00e9quilibrer la d\u00e9couverte de villages m\u00e9di\u00e9vaux perch\u00e9s, la visite de mus\u00e9es de renomm\u00e9e mondiale et des pauses gastronomiques authentiques.<\/p>\n<p>&nbsp;<\/p>\n<p>Dans cet article, Francebus a s\u00e9lectionn\u00e9 pour vous le meilleur de la Riviera. Voici notre guide complet pour transformer vos d\u00e9placements en v\u00e9ritables voyages, en toute s\u00e9r\u00e9nit\u00e9.<\/p>\n<p>&nbsp;<\/p>\n<div id=\"ez-toc-container\" class=\"ez-toc-v2_0_82_2 counter-hierarchy ez-toc-counter ez-toc-grey ez-toc-container-direction\">\n<div class=\"ez-toc-title-container\">\n<p class=\"ez-toc-title\" style=\"cursor:inherit\">Sommaire<\/p>\n<span class=\"ez-toc-title-toggle\"><a href=\"#\" class=\"ez-toc-pull-right ez-toc-btn ez-toc-btn-xs ez-toc-btn-default ez-toc-toggle\" aria-label=\"Toggle Table of Content\"><span class=\"ez-toc-js-icon-con\"><span class=\"\"><span class=\"eztoc-hide\" style=\"display:none;\">Toggle<\/span><span class=\"ez-toc-icon-toggle-span\"><svg style=\"fill: #999;color:#999\" xmlns=\"http:\/\/www.w3.org\/2000\/svg\" class=\"list-377408\" width=\"20px\" height=\"20px\" viewBox=\"0 0 24 24\" fill=\"none\"><path d=\"M6 6H4v2h2V6zm14 0H8v2h12V6zM4 11h2v2H4v-2zm16 0H8v2h12v-2zM4 16h2v2H4v-2zm16 0H8v2h12v-2z\" fill=\"currentColor\"><\/path><\/svg><svg style=\"fill: #999;color:#999\" class=\"arrow-unsorted-368013\" xmlns=\"http:\/\/www.w3.org\/2000\/svg\" width=\"10px\" height=\"10px\" viewBox=\"0 0 24 24\" version=\"1.2\" baseProfile=\"tiny\"><path d=\"M18.2 9.3l-6.2-6.3-6.2 6.3c-.2.2-.3.4-.3.7s.1.5.3.7c.2.2.4.3.7.3h11c.3 0 .5-.1.7-.3.2-.2.3-.5.3-.7s-.1-.5-.3-.7zM5.8 14.7l6.2 6.3 6.2-6.3c.2-.2.3-.5.3-.7s-.1-.5-.3-.7c-.2-.2-.4-.3-.7-.3h-11c-.3 0-.5.1-.7.3-.2.2-.3.5-.3.7s.1.5.3.7z\"\/><\/svg><\/span><\/span><\/span><\/a><\/span><\/div>\n<nav><ul class='ez-toc-list ez-toc-list-level-1 ' ><li class='ez-toc-page-1 ez-toc-heading-level-2'><a class=\"ez-toc-link ez-toc-heading-1\" href=\"https:\/\/francebus.com\/en\/top-day-trip-destinations-from-cannes\/#Pourquoi_organiser_une_excursion_a_la_journee_depuis_Cannes\" >Pourquoi organiser une excursion \u00e0 la journ\u00e9e depuis Cannes ?\u00a0<\/a><ul class='ez-toc-list-level-3' ><li class='ez-toc-heading-level-3'><a class=\"ez-toc-link ez-toc-heading-2\" href=\"https:\/\/francebus.com\/en\/top-day-trip-destinations-from-cannes\/#Une_diversite_de_paysages_en_quelques_kilometres\" >Une diversit\u00e9 de paysages en quelques kilom\u00e8tres<\/a><\/li><li class='ez-toc-page-1 ez-toc-heading-level-3'><a class=\"ez-toc-link ez-toc-heading-3\" href=\"https:\/\/francebus.com\/en\/top-day-trip-destinations-from-cannes\/#Une_immersion_dans_lhistoire_et_lart\" >Une immersion dans l&rsquo;histoire et l&rsquo;art<\/a><\/li><li class='ez-toc-page-1 ez-toc-heading-level-3'><a class=\"ez-toc-link ez-toc-heading-4\" href=\"https:\/\/francebus.com\/en\/top-day-trip-destinations-from-cannes\/#La_decouverte_de_savoir-faire_mondiaux\" >La d\u00e9couverte de savoir-faire mondiaux<\/a><\/li><li class='ez-toc-page-1 ez-toc-heading-level-3'><a class=\"ez-toc-link ez-toc-heading-5\" href=\"https:\/\/francebus.com\/en\/top-day-trip-destinations-from-cannes\/#Une_parenthese_de_calme_et_dauthenticite\" >Une parenth\u00e8se de calme et d&rsquo;authenticit\u00e9<\/a><\/li><\/ul><\/li><li class='ez-toc-page-1 ez-toc-heading-level-2'><a class=\"ez-toc-link ez-toc-heading-6\" href=\"https:\/\/francebus.com\/en\/top-day-trip-destinations-from-cannes\/#Top_15_des_destinations_a_visiter_depuis_Cannes\" >Top 15 des destinations \u00e0 visiter depuis Cannes<\/a><ul class='ez-toc-list-level-3' ><li class='ez-toc-heading-level-3'><a class=\"ez-toc-link ez-toc-heading-7\" href=\"https:\/\/francebus.com\/en\/top-day-trip-destinations-from-cannes\/#1_Antibes_entre_patrimoine_historique_et_luxe_balneaire\" >1. Antibes : entre patrimoine historique et luxe baln\u00e9aire<\/a><\/li><li class='ez-toc-page-1 ez-toc-heading-level-3'><a class=\"ez-toc-link ez-toc-heading-8\" href=\"https:\/\/francebus.com\/en\/top-day-trip-destinations-from-cannes\/#2_Grasse_voyage_au_coeur_de_la_capitale_mondiale_du_parfum\" >2. Grasse : voyage au c\u0153ur de la capitale mondiale du parfum<\/a><\/li><li class='ez-toc-page-1 ez-toc-heading-level-3'><a class=\"ez-toc-link ez-toc-heading-9\" href=\"https:\/\/francebus.com\/en\/top-day-trip-destinations-from-cannes\/#3_Saint-Paul-de-Vence_le_balcon_des_arts_de_la_Riviera\" >3. Saint-Paul-de-Vence : le balcon des arts de la Riviera<\/a><\/li><li class='ez-toc-page-1 ez-toc-heading-level-3'><a class=\"ez-toc-link ez-toc-heading-10\" href=\"https:\/\/francebus.com\/en\/top-day-trip-destinations-from-cannes\/#4_Nice_lelegance_de_la_capitale_azureenne\" >4. Nice : l&rsquo;\u00e9l\u00e9gance de la capitale azur\u00e9enne<\/a><\/li><li class='ez-toc-page-1 ez-toc-heading-level-3'><a class=\"ez-toc-link ez-toc-heading-11\" href=\"https:\/\/francebus.com\/en\/top-day-trip-destinations-from-cannes\/#5_Monaco_Monte-Carlo_immersion_dans_lunivers_du_prestige\" >5. Monaco &amp; Monte-Carlo : immersion dans l&rsquo;univers du prestige<\/a><\/li><li class='ez-toc-page-1 ez-toc-heading-level-3'><a class=\"ez-toc-link ez-toc-heading-12\" href=\"https:\/\/francebus.com\/en\/top-day-trip-destinations-from-cannes\/#6_Mougins_escale_gastronomique_au_village-jardin\" >6. Mougins : escale gastronomique au village-jardin<\/a><\/li><li class='ez-toc-page-1 ez-toc-heading-level-3'><a class=\"ez-toc-link ez-toc-heading-13\" href=\"https:\/\/francebus.com\/en\/top-day-trip-destinations-from-cannes\/#7_Eze_le_nid_daigle_de_la_Cote_dAzur\" >7. \u00c8ze : le nid d&rsquo;aigle de la C\u00f4te d&rsquo;Azur<\/a><\/li><li class='ez-toc-page-1 ez-toc-heading-level-3'><a class=\"ez-toc-link ez-toc-heading-14\" href=\"https:\/\/francebus.com\/en\/top-day-trip-destinations-from-cannes\/#8_Mandelieu-la-Napoule_entre_mer_et_roches_rouges\" >8. Mandelieu-la-Napoule : entre mer et roches rouges<\/a><\/li><li class='ez-toc-page-1 ez-toc-heading-level-3'><a class=\"ez-toc-link ez-toc-heading-15\" href=\"https:\/\/francebus.com\/en\/top-day-trip-destinations-from-cannes\/#9_Theoule-sur-Mer_la_perle_sauvage_de_lEsterel\" >9. Th\u00e9oule-sur-Mer : la perle sauvage de l&rsquo;Est\u00e9rel<\/a><\/li><li class='ez-toc-page-1 ez-toc-heading-level-3'><a class=\"ez-toc-link ez-toc-heading-16\" href=\"https:\/\/francebus.com\/en\/top-day-trip-destinations-from-cannes\/#10_Valbonne_la_geometrie_du_charme_provencal\" >10. Valbonne : la g\u00e9om\u00e9trie du charme proven\u00e7al<\/a><\/li><li class='ez-toc-page-1 ez-toc-heading-level-3'><a class=\"ez-toc-link ez-toc-heading-17\" href=\"https:\/\/francebus.com\/en\/top-day-trip-destinations-from-cannes\/#11_Vallauris_la_cite_de_la_ceramique_et_du_feu\" >11. Vallauris : la cit\u00e9 de la c\u00e9ramique et du feu<\/a><\/li><li class='ez-toc-page-1 ez-toc-heading-level-3'><a class=\"ez-toc-link ez-toc-heading-18\" href=\"https:\/\/francebus.com\/en\/top-day-trip-destinations-from-cannes\/#12_Biot_leclat_du_verre_bulle\" >12. Biot : l&rsquo;\u00e9clat du verre bull\u00e9<\/a><\/li><li class='ez-toc-page-1 ez-toc-heading-level-3'><a class=\"ez-toc-link ez-toc-heading-19\" href=\"https:\/\/francebus.com\/en\/top-day-trip-destinations-from-cannes\/#13_Saint-Tropez_entre_legende_du_cinema_et_authenticite\" >13. Saint-Tropez : entre l\u00e9gende du cin\u00e9ma et authenticit\u00e9<\/a><\/li><li class='ez-toc-page-1 ez-toc-heading-level-3'><a class=\"ez-toc-link ez-toc-heading-20\" href=\"https:\/\/francebus.com\/en\/top-day-trip-destinations-from-cannes\/#14_Villefranche-sur-Mer_la_splendeur_dune_rade_historique\" >14. Villefranche-sur-Mer : la splendeur d&rsquo;une rade historique<\/a><\/li><li class='ez-toc-page-1 ez-toc-heading-level-3'><a class=\"ez-toc-link ez-toc-heading-21\" href=\"https:\/\/francebus.com\/en\/top-day-trip-destinations-from-cannes\/#15_Menton_la_perle_baroque_des_jardins\" >15. Menton : la perle baroque des jardins<\/a><\/li><\/ul><\/li><li class='ez-toc-page-1 ez-toc-heading-level-2'><a class=\"ez-toc-link ez-toc-heading-22\" href=\"https:\/\/francebus.com\/en\/top-day-trip-destinations-from-cannes\/#Focus_Les_Iles_de_Lerins_un_havre_de_paix_face_a_la_Croisette\" >Focus : Les \u00celes de L\u00e9rins : un havre de paix face \u00e0 la Croisette<\/a><\/li><li class='ez-toc-page-1 ez-toc-heading-level-2'><a class=\"ez-toc-link ez-toc-heading-23\" href=\"https:\/\/francebus.com\/en\/top-day-trip-destinations-from-cannes\/#Les_avantages_de_la_location_de_minibus_minivan_et_autocars\" >Les avantages de la location de minibus, minivan et autocars<\/a><\/li><li class='ez-toc-page-1 ez-toc-heading-level-2'><a class=\"ez-toc-link ez-toc-heading-24\" href=\"https:\/\/francebus.com\/en\/top-day-trip-destinations-from-cannes\/#Pourquoi_choisir_Francebus_comme_partenaire_de_transport\" >Pourquoi choisir Francebus comme partenaire de transport ?<\/a><\/li><li class='ez-toc-page-1 ez-toc-heading-level-2'><a class=\"ez-toc-link ez-toc-heading-25\" href=\"https:\/\/francebus.com\/en\/top-day-trip-destinations-from-cannes\/#Demandez_votre_devis_gratuit_en_ligne\" >Demandez votre devis gratuit en ligne.<\/a><\/li><li class='ez-toc-page-1 ez-toc-heading-level-2'><a class=\"ez-toc-link ez-toc-heading-26\" href=\"https:\/\/francebus.com\/en\/top-day-trip-destinations-from-cannes\/#i\" >\u00a0<\/a><\/li><li class='ez-toc-page-1 ez-toc-heading-level-2'><a class=\"ez-toc-link ez-toc-heading-27\" href=\"https:\/\/francebus.com\/en\/top-day-trip-destinations-from-cannes\/#Lire_davantage\" >Lire davantage :<\/a><\/li><\/ul><\/nav><\/div>\n<h2><span class=\"ez-toc-section\" id=\"Pourquoi_organiser_une_excursion_a_la_journee_depuis_Cannes\"><\/span>Pourquoi organiser une excursion \u00e0 la journ\u00e9e depuis Cannes ?\u00a0<span class=\"ez-toc-section-end\"><\/span><\/h2>\n<p>&nbsp;<\/p>\n<p>Organiser une journ\u00e9e d&rsquo;excursion dans les villes aux alentours de Cannes est le meilleur moyen de d\u00e9couvrir le double visage de la C\u00f4te d&rsquo;Azur : son littoral scintillant et l&rsquo;authenticit\u00e9 de son arri\u00e8re-pays. Voici pourquoi cette d\u00e9marche est incontournable pour enrichir votre s\u00e9jour :<\/p>\n<p>&nbsp;<\/p>\n<h3><span class=\"ez-toc-section\" id=\"Une_diversite_de_paysages_en_quelques_kilometres\"><\/span>Une diversit\u00e9 de paysages en quelques kilom\u00e8tres<span class=\"ez-toc-section-end\"><\/span><\/h3>\n<p>&nbsp;<\/p>\n<p>L\u2019un des plus grands atouts de Cannes est sa position centrale. En moins d\u2019une heure de route, vous pouvez passer de l&rsquo;effervescence des grands boulevards maritimes \u00e0 la s\u00e9r\u00e9nit\u00e9 des villages perch\u00e9s comme \u00c8ze ou Saint-Paul-de-Vence. Cette proximit\u00e9 permet de varier les plaisirs \u2014 mer, montagne, et campagne proven\u00e7ale \u2014 au cours d&rsquo;une seule et m\u00eame journ\u00e9e.<\/p>\n<p>&nbsp;<\/p>\n<h3><span class=\"ez-toc-section\" id=\"Une_immersion_dans_lhistoire_et_lart\"><\/span>Une immersion dans l&rsquo;histoire et l&rsquo;art<span class=\"ez-toc-section-end\"><\/span><\/h3>\n<p>&nbsp;<\/p>\n<p>Si Cannes incarne la modernit\u00e9 et le cin\u00e9ma, les villes environnantes sont les gardiennes de l&rsquo;histoire r\u00e9gionale :<\/p>\n<ul>\n<li><strong>Le patrimoine m\u00e9di\u00e9val :<\/strong> Des cit\u00e9s fortifi\u00e9es comme <a href=\"https:\/\/francebus.com\/location-bus-antibes\/\" target=\"_blank\" rel=\"noopener\">Antibes<\/a> ou <a href=\"https:\/\/www.saint-pauldevence.com\/\" target=\"_blank\" rel=\"noopener\">Saint-Paul-de-Vence<\/a> offrent un voyage dans le temps \u00e0 travers leurs remparts et leurs ruelles pav\u00e9es.<\/li>\n<li><strong>Le g\u00e9nie artistique :<\/strong> La r\u00e9gion a \u00e9t\u00e9 le refuge des plus grands ma\u00eetres. S&rsquo;\u00e9loigner de Cannes, c&rsquo;est aller \u00e0 la rencontre de Picasso \u00e0 <a href=\"https:\/\/www.vallauris-golfe-juan.fr\/\" target=\"_blank\" rel=\"noopener\">Vallauris<\/a>, de Fernand L\u00e9ger \u00e0 <a href=\"https:\/\/www.biot.fr\/\" target=\"_blank\" rel=\"noopener\">Biot<\/a> ou de Matisse \u00e0 <a href=\"https:\/\/francebus.com\/location-bus-nice\/\" target=\"_blank\" rel=\"noopener\">Nice<\/a>.<\/li>\n<\/ul>\n<p>&nbsp;<\/p>\n<h3><span class=\"ez-toc-section\" id=\"La_decouverte_de_savoir-faire_mondiaux\"><\/span>La d\u00e9couverte de savoir-faire mondiaux<span class=\"ez-toc-section-end\"><\/span><\/h3>\n<p>&nbsp;<\/p>\n<p>Chaque ville alentour poss\u00e8de une identit\u00e9 forte li\u00e9e \u00e0 un artisanat d&rsquo;exception. Organiser une sortie, c\u2019est s\u2019offrir des exp\u00e9riences sensorielles uniques :<\/p>\n<ul>\n<li>L&rsquo;art de la parfumerie \u00e0 <a href=\"https:\/\/www.paysdegrassetourisme.fr\/\" target=\"_blank\" rel=\"noopener\">Grasse<\/a>.<\/li>\n<li>Le travail du verre souffl\u00e9 \u00e0 <a href=\"https:\/\/www.biot.fr\/\" target=\"_blank\" rel=\"noopener\">Biot<\/a>.<\/li>\n<li>La tradition de la c\u00e9ramique \u00e0 <a href=\"https:\/\/www.vallauris-golfe-juan.fr\/\" target=\"_blank\" rel=\"noopener\">Vallauris<\/a>.<\/li>\n<\/ul>\n<p>&nbsp;<\/p>\n<h3><span class=\"ez-toc-section\" id=\"Une_parenthese_de_calme_et_dauthenticite\"><\/span>Une parenth\u00e8se de calme et d&rsquo;authenticit\u00e9<span class=\"ez-toc-section-end\"><\/span><\/h3>\n<p>&nbsp;<\/p>\n<p>En p\u00e9riode de forte affluence, s&rsquo;\u00e9chapper de la Croisette permet de retrouver une atmosph\u00e8re plus paisible. Les places ombrag\u00e9es de <a href=\"https:\/\/cotedazurfrance.fr\/offres\/village-de-valbonne-valbonne-fr-5398282\/\" target=\"_blank\" rel=\"noopener\">Valbonne<\/a> ou de <a href=\"https:\/\/mougins.fr\/\" target=\"_blank\" rel=\"noopener\">Mougins<\/a> offrent une douceur de vivre typiquement proven\u00e7ale, loin du tumulte des grands \u00e9v\u00e9nements cannois. C&rsquo;est l&rsquo;occasion de s&rsquo;attabler \u00e0 une terrasse authentique pour go\u00fbter aux sp\u00e9cialit\u00e9s locales dans un cadre plus intime.<\/p>\n<p>&nbsp;<\/p>\n<h2><span class=\"ez-toc-section\" id=\"Top_15_des_destinations_a_visiter_depuis_Cannes\"><\/span>Top 15 des destinations \u00e0 visiter depuis Cannes<span class=\"ez-toc-section-end\"><\/span><\/h2>\n<p>&nbsp;<\/p>\n<h3><span class=\"ez-toc-section\" id=\"1_Antibes_entre_patrimoine_historique_et_luxe_balneaire\"><\/span>1. Antibes : entre patrimoine historique et luxe baln\u00e9aire<span class=\"ez-toc-section-end\"><\/span><\/h3>\n<p>&nbsp;<\/p>\n<p><strong>30 minutes de route<\/strong><\/p>\n<p>&nbsp;<\/p>\n<p><iframe title=\"Antibes vue du Ciel - Promo\" width=\"800\" height=\"450\" src=\"https:\/\/www.youtube.com\/embed\/K9gQlddBD4I?feature=oembed\" frameborder=\"0\" allow=\"accelerometer; autoplay; clipboard-write; encrypted-media; gyroscope; picture-in-picture; web-share\" referrerpolicy=\"strict-origin-when-cross-origin\" allowfullscreen><\/iframe><\/p>\n<p>&nbsp;<\/p>\n<p>Situ\u00e9e entre Cannes et Nice, Antibes est une escale de caract\u00e8re alliant le <strong>charme d&rsquo;une cit\u00e9 m\u00e9di\u00e9vale au prestige de la plaisance moderne<\/strong>.<\/p>\n<p>&nbsp;<\/p>\n<p>Encercl\u00e9e par des <strong>remparts \u00e9rig\u00e9s par Vauban<\/strong>, la vieille ville d\u00e9voile un <strong>labyrinthe de ruelles fleuries et de places ombrag\u00e9es<\/strong>. Son port de plaisance, le plus grand d&rsquo;Europe, accueille les plus beaux yachts du monde, cr\u00e9ant un contraste saisissant avec l&rsquo;authenticit\u00e9 du march\u00e9 proven\u00e7al. Antibes est une destination compl\u00e8te, offrant \u00e0 la fois culture, plages de sable fin et panoramas exceptionnels sur la M\u00e9diterran\u00e9e.<\/p>\n<p>&nbsp;<\/p>\n<p><strong>\u00c0 faire \u00e0 Antibes :<\/strong><\/p>\n<ul>\n<li><strong>Fl\u00e2nerie sur les remparts :<\/strong> promenade offrant une vue imprenable sur le Cap d&rsquo;Antibes et la mer.<\/li>\n<li><strong>Visite du Mus\u00e9e Picasso :<\/strong> immersion artistique dans le <a href=\"https:\/\/www.antibes-juanlespins.com\/sorties-loisirs\/antibes-ville-de-culture\/les-musees\/le-musee-picasso\" target=\"_blank\" rel=\"noopener\">Ch\u00e2teau Grimaldi<\/a> o\u00f9 l&rsquo;artiste s\u00e9journa en 1946.<\/li>\n<li><strong>D\u00e9couverte du march\u00e9 proven\u00e7al :<\/strong> \u00e9veil des sens sous la halle du Cours Mass\u00e9na avec les produits locaux.<\/li>\n<\/ul>\n<p>&nbsp;<\/p>\n<p><strong>Lieu \u00e0 visiter : <\/strong><\/p>\n<ul>\n<li><strong><a href=\"https:\/\/www.antibesjuanlespins.com\/a-voir-a-faire\/culture-et-patrimoine\/le-patrimoine\/le-fort-carre-2032216\" target=\"_blank\" rel=\"noopener\">Le Fort Carr\u00e9<\/a> :<\/strong> exploration de cette forteresse militaire du XVIe si\u00e8cle surplombant la mer.<\/li>\n<\/ul>\n<p>&nbsp;<\/p>\n<p><strong>O\u00f9 manger : <\/strong><\/p>\n<ul>\n<li><a href=\"https:\/\/le-figuier-de-saint-esprit.com\/\" target=\"_blank\" rel=\"noopener\">Le Figuier de Saint-Esprit :<\/a> cuisine gastronomique raffin\u00e9e dans une ruelle historique du vieil Antibes. Une destination id\u00e9ale pour les groupes d&rsquo;affaires, les amateurs d&rsquo;art et les croisi\u00e9ristes.<\/li>\n<\/ul>\n<p>&nbsp;<\/p>\n<p><a href=\"https:\/\/maps.app.goo.gl\/fFPLZnC3m1ErcbxdA\" target=\"_blank\" rel=\"noopener\">Voir l&rsquo;itin\u00e9raire.\u00a0<\/a><\/p>\n<p>&nbsp;<\/p>\n<p><a href=\"https:\/\/francebus.com\/location-bus-antibes\/\" target=\"_blank\" rel=\"noopener\">En savoir plus sur la location de bus \u00e0 Antibes.\u00a0<\/a><\/p>\n<p>&nbsp;<\/p>\n<p>&nbsp;<\/p>\n<h3><span class=\"ez-toc-section\" id=\"2_Grasse_voyage_au_coeur_de_la_capitale_mondiale_du_parfum\"><\/span>2. Grasse : voyage au c\u0153ur de la capitale mondiale du parfum<span class=\"ez-toc-section-end\"><\/span><\/h3>\n<p>&nbsp;<\/p>\n<p><strong>30 minutes de route<\/strong><\/p>\n<p>&nbsp;<\/p>\n<p><iframe title=\"Bienvenue \u00e0 Grasse\" width=\"800\" height=\"450\" src=\"https:\/\/www.youtube.com\/embed\/7zja8TjNpBQ?feature=oembed\" frameborder=\"0\" allow=\"accelerometer; autoplay; clipboard-write; encrypted-media; gyroscope; picture-in-picture; web-share\" referrerpolicy=\"strict-origin-when-cross-origin\" allowfullscreen><\/iframe><\/p>\n<p>&nbsp;<\/p>\n<p>Perch\u00e9e sur les hauteurs, Grasse est une <strong>cit\u00e9 m\u00e9di\u00e9vale<\/strong> au rayonnement international gr\u00e2ce \u00e0 son savoir-faire olfactif unique.<\/p>\n<p>&nbsp;<\/p>\n<p><strong>Class\u00e9e Ville d&rsquo;Art et d&rsquo;Histoire<\/strong>, Grasse s\u00e9duit par ses fa\u00e7ades aux couleurs chaudes et ses rues escarp\u00e9es. Depuis le XVIIe si\u00e8cle, la ville est le centre n\u00e9vralgique de la <strong>parfumerie fran\u00e7aise<\/strong>. Autour du c\u0153ur historique, les champs de fleurs (jasmin, rose, tub\u00e9reuse) alimentent les plus grandes maisons de luxe. C\u2019est une destination sensorielle o\u00f9 l&rsquo;histoire de l&rsquo;industrie se m\u00eale \u00e0 l&rsquo;\u00e9l\u00e9gance proven\u00e7ale.<\/p>\n<p>&nbsp;<\/p>\n<p><strong>\u00c0 faire \u00e0 Grasse :<\/strong><\/p>\n<ul>\n<li><strong>Exploration du centre historique :<\/strong> balade dans les ruelles tortueuses jusqu&rsquo;\u00e0 la <a href=\"https:\/\/paroissegrasse.fr\/\" target=\"_blank\" rel=\"noopener\">cath\u00e9drale Notre-Dame-du-Puy<\/a>.<\/li>\n<li><strong>Atelier de cr\u00e9ation de parfum :<\/strong> initiation \u00e0 l&rsquo;art de la composition chez les grands parfumeurs.<\/li>\n<li><strong><a href=\"https:\/\/www.museesdegrasse.com\/jmip\/presentation\" target=\"_blank\" rel=\"noopener\">Visite des Jardins du MIP<\/a> :<\/strong> d\u00e9couverte des plantes \u00e0 parfum dans un cadre bucolique \u00e0 Mouans-Sartoux.<\/li>\n<\/ul>\n<p>&nbsp;<\/p>\n<p><strong>Lieu \u00e0 visiter :<\/strong><\/p>\n<ul>\n<li><strong><a href=\"https:\/\/www.museesdegrasse.com\/\" target=\"_blank\" rel=\"noopener\">Le Mus\u00e9e International de la Parfumerie<\/a> :<\/strong> immersion dans l&rsquo;histoire des fragrances de l&rsquo;Antiquit\u00e9 \u00e0 nos jours.<\/li>\n<\/ul>\n<p>&nbsp;<\/p>\n<p><strong>O\u00f9 manger :<\/strong><\/p>\n<ul>\n<li><a href=\"https:\/\/www.lougolin.com\/\" target=\"_blank\" rel=\"noopener\">Restaurant Lougolin<\/a> : une cuisine de terroir avec une terrasse offrant une vue panoramique sur la vall\u00e9e. Une destination id\u00e9ale pour les groupes de seniors, les voyages scolaires et les sorties CE.<\/li>\n<\/ul>\n<p>&nbsp;<\/p>\n<p><a href=\"https:\/\/maps.app.goo.gl\/rjXjPvEq8HL8mDcKA\" target=\"_blank\" rel=\"noopener\">Voir l&rsquo;itin\u00e9raire.<\/a>\u00a0<\/p>\n<p>&nbsp;<\/p>\n<p>&nbsp;<\/p>\n<h3><span class=\"ez-toc-section\" id=\"3_Saint-Paul-de-Vence_le_balcon_des_arts_de_la_Riviera\"><\/span>3. Saint-Paul-de-Vence : le balcon des arts de la Riviera<span class=\"ez-toc-section-end\"><\/span><\/h3>\n<p>&nbsp;<\/p>\n<p><strong>45 minutes de route<\/strong><\/p>\n<p>&nbsp;<\/p>\n<p><iframe title=\"Saint-Paul-de-Vence (French Riviera \/ C\u00f4te d&#039;Azur) - The Artists&#039; Village\" width=\"800\" height=\"450\" src=\"https:\/\/www.youtube.com\/embed\/0zDW9YgoOIg?feature=oembed\" frameborder=\"0\" allow=\"accelerometer; autoplay; clipboard-write; encrypted-media; gyroscope; picture-in-picture; web-share\" referrerpolicy=\"strict-origin-when-cross-origin\" allowfullscreen><\/iframe><\/p>\n<p>&nbsp;<\/p>\n<p>Consid\u00e9r\u00e9 comme l&rsquo;un des plus beaux villages de France, Saint-Paul-de-Vence est un <strong>v\u00e9ritable mus\u00e9e \u00e0 ciel ouvert pos\u00e9 sur un \u00e9peron rocheux<\/strong>.<\/p>\n<p>&nbsp;<\/p>\n<p>Derri\u00e8re ses remparts intacts du XVIe si\u00e8cle, le village abrite un patrimoine exceptionnel qui a attir\u00e9 les plus grands artistes du XXe si\u00e8cle, tels que Chagall ou Pr\u00e9vert. <strong>Ses rues pav\u00e9es sont jalonn\u00e9es de galeries d&rsquo;art contemporain, de fontaines anciennes et de places o\u00f9 r\u00e9sonnent les parties de p\u00e9tanque<\/strong>. C&rsquo;est un lieu o\u00f9 l&rsquo;art et l&rsquo;histoire se rencontrent dans une harmonie parfaite.<\/p>\n<p>&nbsp;<\/p>\n<p><strong>\u00c0 faire \u00e0 Saint-Paul-de-Vence :<\/strong><\/p>\n<ul>\n<li><strong>Tour des remparts :<\/strong> promenade circulaire offrant des vues spectaculaires sur les vignes et la mer.<\/li>\n<li><strong>Pause sur la <a href=\"https:\/\/www.saint-pauldevence.com\/pour-les-pros\/autorisation-doccupation-de-lespace-public\/les-rues-placettes-du-village\/\" target=\"_blank\" rel=\"noopener\">Place du Grand Sablon<\/a> :<\/strong> observation des c\u00e9l\u00e8bres joueurs de p\u00e9tanque sous les platanes.<\/li>\n<li><strong><a href=\"https:\/\/www.saint-pauldevence.com\/fiches\/monuments\/le-cimetiere\/\" target=\"_blank\" rel=\"noopener\">P\u00e8lerinage sur la tombe de Marc Chagall<\/a> :<\/strong> visite du cimeti\u00e8re paysager au bout du village.<\/li>\n<\/ul>\n<p>&nbsp;<\/p>\n<p><strong>Lieu \u00e0 visiter :<\/strong><\/p>\n<ul>\n<li><strong><a href=\"https:\/\/www.fondation-maeght.com\/?lang=fr\" target=\"_blank\" rel=\"noopener\">La Fondation Maeght<\/a> :<\/strong> un site architectural majeur d\u00e9di\u00e9 \u00e0 l&rsquo;art moderne en pleine nature.<\/li>\n<\/ul>\n<p>&nbsp;<\/p>\n<p><strong>O\u00f9 manger : <\/strong><\/p>\n<ul>\n<li><a href=\"https:\/\/www.la-colombe-dor.com\/indexEN.html\" target=\"_blank\" rel=\"noopener\">La Colombe d&rsquo;Or<\/a> : institution mythique pour d\u00e9jeuner entour\u00e9 d&rsquo;\u0153uvres de ma\u00eetres (Matisse, Picasso). Une destination id\u00e9ale pour les amateurs de culture, les groupes VIP et les d\u00e9l\u00e9gations internationales.<\/li>\n<\/ul>\n<p>&nbsp;<\/p>\n<p><a href=\"https:\/\/maps.app.goo.gl\/STdsvwrqHYuaEr8F7\" target=\"_blank\" rel=\"noopener\">Voir l&rsquo;itin\u00e9raire.\u00a0<\/a><\/p>\n<p>&nbsp;<\/p>\n<p>&nbsp;<\/p>\n<h3><span class=\"ez-toc-section\" id=\"4_Nice_lelegance_de_la_capitale_azureenne\"><\/span>4. Nice : l&rsquo;\u00e9l\u00e9gance de la capitale azur\u00e9enne<span class=\"ez-toc-section-end\"><\/span><\/h3>\n<p>&nbsp;<\/p>\n<p><strong>42 minutes de route<\/strong><\/p>\n<p>&nbsp;<\/p>\n<p><iframe title=\"Nice France in 4K. C\u00f4te d&#039;Azur. Nice Aerial.\" width=\"800\" height=\"450\" src=\"https:\/\/www.youtube.com\/embed\/HDZsO7105Ds?start=153&#038;feature=oembed\" frameborder=\"0\" allow=\"accelerometer; autoplay; clipboard-write; encrypted-media; gyroscope; picture-in-picture; web-share\" referrerpolicy=\"strict-origin-when-cross-origin\" allowfullscreen><\/iframe><\/p>\n<p>&nbsp;<\/p>\n<p>Nice, <strong>class\u00e9e au patrimoine mondial de l&rsquo;UNESCO<\/strong>, offre un m\u00e9lange vibrant de tradition baroque et de faste Belle \u00c9poque.<\/p>\n<p>&nbsp;<\/p>\n<p>Entre la mythique Promenade des Anglais et les collines de Cimiez, la ville d\u00e9ploie un charme m\u00e9diterran\u00e9en unique. Son Vieux-Nice, <strong>aux couleurs italiennes<\/strong>, contraste avec l&rsquo;\u00e9l\u00e9gance des grandes avenues commer\u00e7antes. Nice est une <strong>ville de lumi\u00e8re et de saveurs<\/strong>, r\u00e9put\u00e9e pour sa gastronomie locale \u00ab\u00a0Nissarde\u00a0\u00bb et ses nombreux mus\u00e9es de renomm\u00e9e mondiale.<\/p>\n<p>&nbsp;<\/p>\n<p><strong>\u00c0 faire \u00e0 Nice :<\/strong><\/p>\n<ul>\n<li><strong>Balade sur la Promenade des Anglais :<\/strong> l&rsquo;itin\u00e9raire incontournable le long de la Baie des Anges.<\/li>\n<li><strong>Exploration du Vieux-Nice :<\/strong> d\u00e9ambulation dans les march\u00e9s aux fleurs du Cours Saleya.<\/li>\n<li><strong>Ascension de la <a href=\"https:\/\/www.nice.fr\/lieux\/parc-de-la-colline-du-chateau\/\" target=\"_blank\" rel=\"noopener\">Colline du Ch\u00e2teau<\/a> :<\/strong> pour le plus beau point de vue sur les toits de la ville.<\/li>\n<\/ul>\n<p>&nbsp;<\/p>\n<p><strong>Lieu \u00e0 visiter : <\/strong><\/p>\n<ul>\n<li><strong><a href=\"https:\/\/www.musee-matisse-nice.org\/fr\/\" target=\"_blank\" rel=\"noopener\">Le Mus\u00e9e Matisse<\/a> :<\/strong> d\u00e9couverte de la collection personnelle de l&rsquo;artiste dans une villa g\u00e9noise.<\/li>\n<\/ul>\n<p>&nbsp;<\/p>\n<p><strong>O\u00f9 manger :<\/strong><\/p>\n<ul>\n<li><a href=\"https:\/\/www.lenegresco.com\/restaurants\/le-chantecler\" target=\"_blank\" rel=\"noopener\">Le Chantecler<\/a> (H\u00f4tel Negresco) : une table prestigieuse dans un d\u00e9cor historique somptueux. Une destination id\u00e9ale pour les groupes de touristes \u00e9trangers, les s\u00e9minaires et les sorties culturelles.<\/li>\n<\/ul>\n<p>&nbsp;<\/p>\n<p><a href=\"https:\/\/maps.app.goo.gl\/a5Gt8GbVZmAjusg17\" target=\"_blank\" rel=\"noopener\">Voir l&rsquo;itin\u00e9raire<\/a>.\u00a0<\/p>\n<p>&nbsp;<\/p>\n<p><a href=\"https:\/\/francebus.com\/location-bus-nice\/\" target=\"_blank\" rel=\"noopener\">En savoir plus sur la location de bus \u00e0 Nice.<\/a>\u00a0<\/p>\n<p>&nbsp;<\/p>\n<p>&nbsp;<\/p>\n<h3><span class=\"ez-toc-section\" id=\"5_Monaco_Monte-Carlo_immersion_dans_lunivers_du_prestige\"><\/span>5. Monaco &amp; Monte-Carlo : immersion dans l&rsquo;univers du prestige<span class=\"ez-toc-section-end\"><\/span><\/h3>\n<p>&nbsp;<\/p>\n<p><strong> 1 heure de route<\/strong><\/p>\n<p>&nbsp;<\/p>\n<p><iframe title=\"Beauty of Monte Carlo, Monaco in 4K| World in 4K\" width=\"800\" height=\"450\" src=\"https:\/\/www.youtube.com\/embed\/RNQ8jd4TcEg?start=137&#038;feature=oembed\" frameborder=\"0\" allow=\"accelerometer; autoplay; clipboard-write; encrypted-media; gyroscope; picture-in-picture; web-share\" referrerpolicy=\"strict-origin-when-cross-origin\" allowfullscreen><\/iframe><\/p>\n<p>&nbsp;<\/p>\n<p>La Principaut\u00e9 de Monaco est une destination singuli\u00e8re, <strong>symbole mondial du luxe et de l&rsquo;\u00e9l\u00e9gance<\/strong> sur seulement deux kilom\u00e8tres carr\u00e9s.<\/p>\n<p>&nbsp;<\/p>\n<p>Perch\u00e9e sur son Rocher, la vieille ville abrite le <strong>Palais Princier et les institutions de l&rsquo;\u00c9tat<\/strong>, tandis que le quartier de Monte-Carlo incarne la d\u00e9mesure avec son <strong>Casino, ses jardins exotiques et ses boutiques de haute couture<\/strong>. Entre mer et montagne, Monaco offre un cadre s\u00e9curis\u00e9 et raffin\u00e9, marqu\u00e9 par son c\u00e9l\u00e8bre circuit de Formule 1 et son port de plaisance spectaculaire.<\/p>\n<p>&nbsp;<\/p>\n<p><strong>\u00c0 faire \u00e0 Monaco :<\/strong><\/p>\n<ul>\n<li><strong>Rel\u00e8ve de la Garde :<\/strong> c\u00e9r\u00e9monie quotidienne sur la place du Palais \u00e0 11h55 pr\u00e9cises.<\/li>\n<li><strong>Tour du circuit de Formule 1 :<\/strong> parcours des virages mythiques au c\u0153ur de la ville.<\/li>\n<li><strong>Fl\u00e2nerie dans le<a href=\"https:\/\/cotedazurfrance.fr\/offres\/jardin-japonais-monaco-fr-3001816\/\" target=\"_blank\" rel=\"noopener\"> Jardin Japonais<\/a> :<\/strong> une oasis de s\u00e9r\u00e9nit\u00e9 au milieu des gratte-ciels.<\/li>\n<\/ul>\n<p>&nbsp;<\/p>\n<p><strong>Lieu \u00e0 visiter :<\/strong><\/p>\n<ul>\n<li><strong><a href=\"https:\/\/musee.oceano.org\/\" target=\"_blank\" rel=\"noopener\">Le Mus\u00e9e Oc\u00e9anographique<\/a> :<\/strong> un \u00ab\u00a0palais de la mer\u00a0\u00bb spectaculaire accroch\u00e9 \u00e0 la falaise.<\/li>\n<\/ul>\n<p>&nbsp;<\/p>\n<p><strong>O\u00f9 manger :<\/strong><\/p>\n<ul>\n<li><a href=\"https:\/\/www.montecarlosbm.com\/fr\/restaurant-monaco\/le-louis-xv-alain-ducasse-hotel-de-paris\" target=\"_blank\" rel=\"noopener\">Le Louis XV &#8211; Alain Ducasse<\/a> : l&rsquo;excellence de la haute gastronomie \u00e0 l&rsquo;H\u00f4tel de Paris. Une destination id\u00e9ale pour les voyages haut de gamme, les groupes incentives et les sorties seniors.<\/li>\n<\/ul>\n<p>&nbsp;<\/p>\n<p><a href=\"https:\/\/maps.app.goo.gl\/TZv2R3ZcZY7cgCR18\" target=\"_blank\" rel=\"noopener\">Voir l&rsquo;itin\u00e9raire.<\/a><\/p>\n<p>&nbsp;<\/p>\n<p><a href=\"https:\/\/francebus.com\/location-bus-monaco\/\" target=\"_blank\" rel=\"noopener\">En savoir plus sur la location de bus \u00e0 Monaco.<\/a>\u00a0<\/p>\n<p>&nbsp;<\/p>\n<p>&nbsp;<\/p>\n<h3><span class=\"ez-toc-section\" id=\"6_Mougins_escale_gastronomique_au_village-jardin\"><\/span>6. Mougins : escale gastronomique au village-jardin<span class=\"ez-toc-section-end\"><\/span><\/h3>\n<p>&nbsp;<\/p>\n<p><strong>15 minutes de route<\/strong><\/p>\n<p>&nbsp;<\/p>\n<p><iframe title=\"Mougins (French Riviera \/ C\u00f4te d&#039;Azur) - One Day in the Artsy Village of the Riviera\" width=\"800\" height=\"450\" src=\"https:\/\/www.youtube.com\/embed\/skLxgE-1t2U?feature=oembed\" frameborder=\"0\" allow=\"accelerometer; autoplay; clipboard-write; encrypted-media; gyroscope; picture-in-picture; web-share\" referrerpolicy=\"strict-origin-when-cross-origin\" allowfullscreen><\/iframe><\/p>\n<p>&nbsp;<\/p>\n<p>Village circulaire perch\u00e9 au milieu des pins et des oliviers, Mougins est une <strong>destination de charme r\u00e9put\u00e9e pour sa douceur de vivre<\/strong>.<\/p>\n<p>&nbsp;<\/p>\n<p>Ancien bastion fortifi\u00e9, le village a conserv\u00e9 son architecture en colima\u00e7on et ses maisons en pierre magnifiquement restaur\u00e9es. Mougins est indissociable de la gastronomie fran\u00e7aise et des arts, ayant accueilli Picasso durant ses derni\u00e8res ann\u00e9es. C&rsquo;est une \u00e9tape paisible et \u00e9l\u00e9gante, offrant une vue imprenable sur la baie de Cannes et l&rsquo;arri\u00e8re-pays grassois.<\/p>\n<p>&nbsp;<\/p>\n<p><strong>\u00c0 faire \u00e0 Mougins :<\/strong><\/p>\n<ul>\n<li><strong>D\u00e9ambulation dans le village :<\/strong> parcours des ruelles fleuries jalonn\u00e9es d&rsquo;ateliers d&rsquo;artistes.<\/li>\n<li><strong>Circuit Picasso :<\/strong> d\u00e9couverte des lieux fr\u00e9quent\u00e9s par le ma\u00eetre, dont sa derni\u00e8re demeure.<\/li>\n<li><strong>Mont\u00e9e au clocher de l&rsquo;<a href=\"https:\/\/mouginstourisme.com\/culture-et-patrimoine\/eglises-et-chapelles\/eglise-saint-jacques-le-majeur\/\" target=\"_blank\" rel=\"noopener\">\u00e9glise Saint-Jacques-le-Majeur<\/a> :<\/strong> pour admirer le panorama s&rsquo;\u00e9tendant des Alpes \u00e0 la M\u00e9diterran\u00e9e.<\/li>\n<\/ul>\n<p>&nbsp;<\/p>\n<p><strong>Lieu \u00e0 visiter :<\/strong><\/p>\n<ul>\n<li><strong> <a href=\"https:\/\/mouginstourisme.com\/culture-et-patrimoine\/eglises-et-chapelles\/notre-dame-de-vie\/\" target=\"_blank\" rel=\"noopener\">Chapelle Notre-Dame-de-Vie<\/a> : V\u00e9ritable tr\u00e9sor situ\u00e9 \u00e0 l&rsquo;entr\u00e9e du village, ce site class\u00e9 entour\u00e9 de cypr\u00e8s centenaires \u00e9tait le lieu de pr\u00e9dilection de Picasso. C\u2019est un havre de paix spirituel et historique d&rsquo;une rare beaut\u00e9 architecturale.<\/strong><\/li>\n<\/ul>\n<p>&nbsp;<\/p>\n<p><strong>O\u00f9 manger :<\/strong><\/p>\n<ul>\n<li><a href=\"https:\/\/www.amandier.fr\/\" target=\"_blank\" rel=\"noopener\">L&rsquo;Amandier de Mougins<\/a> : une cuisine proven\u00e7ale iconique situ\u00e9e dans un ancien moulin \u00e0 huile. Une destination id\u00e9ale pour les \u00e9picuriens, les groupes d&rsquo;affaires et les amateurs d&rsquo;histoire.<\/li>\n<\/ul>\n<p>&nbsp;<\/p>\n<p><a href=\"https:\/\/maps.app.goo.gl\/19K7baMA3NCut3eh9\" target=\"_blank\" rel=\"noopener\">Voir l&rsquo;itin\u00e9raire.<\/a><\/p>\n<p>&nbsp;<\/p>\n<p>&nbsp;<\/p>\n<h3><span class=\"ez-toc-section\" id=\"7_Eze_le_nid_daigle_de_la_Cote_dAzur\"><\/span>7. \u00c8ze : le nid d&rsquo;aigle de la C\u00f4te d&rsquo;Azur<span class=\"ez-toc-section-end\"><\/span><\/h3>\n<p>&nbsp;<\/p>\n<p><strong>50 minutes de route<\/strong><\/p>\n<p>&nbsp;<\/p>\n<p><iframe title=\"MEDITERRANEO \u2013 \u00c8ze, joyau perch\u00e9 entre Nice et Monaco\" width=\"800\" height=\"450\" src=\"https:\/\/www.youtube.com\/embed\/M6QoBhi5b6A?feature=oembed\" frameborder=\"0\" allow=\"accelerometer; autoplay; clipboard-write; encrypted-media; gyroscope; picture-in-picture; web-share\" referrerpolicy=\"strict-origin-when-cross-origin\" allowfullscreen><\/iframe><\/p>\n<p>&nbsp;<\/p>\n<p>Suspendu entre ciel et mer, le <strong>village m\u00e9di\u00e9val<\/strong> d&rsquo;\u00c8ze offre l&rsquo;un des panoramas les plus spectaculaires de toute la r\u00e9gion.<\/p>\n<p>&nbsp;<\/p>\n<p>Ce village enti\u00e8rement pi\u00e9tonnier semble fig\u00e9 dans le temps avec <strong>ses vo\u00fbtes de pierre, ses portes fortifi\u00e9es et ses chemins escarp\u00e9s<\/strong>. Chaque recoin de cette forteresse naturelle r\u00e9v\u00e8le une vue plongeante sur la M\u00e9diterran\u00e9e. C&rsquo;est une <strong>destination romantique et majestueuse<\/strong> qui s\u00e9duit par son calme et son authenticit\u00e9 architecturale pr\u00e9serv\u00e9e.<\/p>\n<p>&nbsp;<\/p>\n<p><strong>\u00c0 faire \u00e0 \u00c8ze :<\/strong><\/p>\n<ul>\n<li><strong>Mont\u00e9e par le Chemin de Nietzsche :<\/strong> sentier de randonn\u00e9e offrant des vues plongeantes sur la mer.<\/li>\n<li><strong>Exploration des galeries artisanales :<\/strong> d\u00e9couverte du savoir-faire local dans les anciennes \u00e9curies.<\/li>\n<li><strong>Visite de l&rsquo;\u00e9glise Notre-Dame-de-l&rsquo;Assomption :<\/strong> \u00e9difice baroque remarquable par sa fa\u00e7ade ocre.<\/li>\n<\/ul>\n<p>&nbsp;<\/p>\n<p><strong>Lieu \u00e0 visiter :<\/strong><\/p>\n<ul>\n<li><strong><a href=\"https:\/\/jardinexotique-eze.fr\/\" target=\"_blank\" rel=\"noopener\">Le Jardin Exotique<\/a> :<\/strong> situ\u00e9 au sommet du village, il abrite des cact\u00e9es rares au milieu de ruines m\u00e9di\u00e9vales.<\/li>\n<\/ul>\n<p>&nbsp;<\/p>\n<p><strong>O\u00f9 manger :<\/strong><\/p>\n<ul>\n<li><a href=\"https:\/\/www.chevredor.fr\/\" target=\"_blank\" rel=\"noopener\">La Ch\u00e8vre d&rsquo;Or<\/a> : restaurant de renomm\u00e9e mondiale pour une exp\u00e9rience gastronomique avec vue. Une destination id\u00e9ale pour les groupes de touristes, les photographes et les mariages.<\/li>\n<\/ul>\n<p>&nbsp;<\/p>\n<p><a href=\"https:\/\/maps.app.goo.gl\/GLp3uDJk9gQ9QgJD8\" target=\"_blank\" rel=\"noopener\">Voir l&rsquo;itin\u00e9raire.<\/a><\/p>\n<p>&nbsp;<\/p>\n<p>&nbsp;<\/p>\n<h3><span class=\"ez-toc-section\" id=\"8_Mandelieu-la-Napoule_entre_mer_et_roches_rouges\"><\/span>8. Mandelieu-la-Napoule : entre mer et roches rouges<span class=\"ez-toc-section-end\"><\/span><\/h3>\n<p>&nbsp;<\/p>\n<p><strong>20 minutes de route <\/strong><\/p>\n<p>&nbsp;<\/p>\n<p><iframe title=\"Mandelieu-La Napoule sous sa plus belle lumi\u00e8re\" width=\"800\" height=\"450\" src=\"https:\/\/www.youtube.com\/embed\/RA_b5ayBdNI?feature=oembed\" frameborder=\"0\" allow=\"accelerometer; autoplay; clipboard-write; encrypted-media; gyroscope; picture-in-picture; web-share\" referrerpolicy=\"strict-origin-when-cross-origin\" allowfullscreen><\/iframe><\/p>\n<p>&nbsp;<\/p>\n<p>Situ\u00e9e au pied du massif de l&rsquo;Est\u00e9rel, Mandelieu-la-Napoule est une station baln\u00e9aire familiale offrant un <strong>cadre naturel d&rsquo;exception<\/strong>.<\/p>\n<p>&nbsp;<\/p>\n<p>C\u00e9l\u00e8bre pour sa f\u00eate du Mimosa, la ville se distingue par son port de plaisance et son littoral d\u00e9coup\u00e9. Le contraste entre le bleu de la mer et le rouge des roches volcaniques environnantes cr\u00e9e un paysage unique. Mandelieu est \u00e9galement une destination de choix pour les amateurs de loisirs de plein air et de patrimoine historique insolite.<\/p>\n<p>&nbsp;<\/p>\n<p><strong>\u00c0 faire \u00e0 Mandelieu :<\/strong><\/p>\n<ul>\n<li><strong>Promenade sur le sentier du littoral :<\/strong> d\u00e9couverte des criques entre mer et roches de l&rsquo;Est\u00e9rel.<\/li>\n<li><strong>Sortie en mer vers les \u00eeles :<\/strong> d\u00e9part pour une excursion nautique depuis le port de la Rague.<\/li>\n<li><strong>Parcours de golf :<\/strong> pratique sur l&rsquo;un des plus anciens parcours de France, le \u00ab\u00a0Old Course\u00a0\u00bb.<\/li>\n<\/ul>\n<p>&nbsp;<\/p>\n<p><strong>Lieu \u00e0 visiter :<\/strong><\/p>\n<ul>\n<li><strong><a href=\"https:\/\/www.lnaf.org\/fr\/visiter-le-chateau\/\" target=\"_blank\" rel=\"noopener\">Le Ch\u00e2teau de la Napoule<\/a> :<\/strong> forteresse m\u00e9di\u00e9vale restaur\u00e9e par un couple d&rsquo;artistes am\u00e9ricains.<\/li>\n<\/ul>\n<p>&nbsp;<\/p>\n<p><strong>O\u00f9 manger :<\/strong><\/p>\n<ul>\n<li><a href=\"https:\/\/www.ermitage-oasis.fr\/instants-gourmands\/le-bistrot-de-loasis\/\" target=\"_blank\" rel=\"noopener\">L&rsquo;Oasis<\/a> : une table prestigieuse nich\u00e9e dans un jardin clos aux saveurs m\u00e9diterran\u00e9ennes. Une destination id\u00e9ale pour les groupes de loisirs, les familles et les sorties seniors.<\/li>\n<\/ul>\n<p>&nbsp;<\/p>\n<p><a href=\"https:\/\/maps.app.goo.gl\/bfTmW2r6bShzhAou7\" target=\"_blank\" rel=\"noopener\">Voir l&rsquo;itin\u00e9raire.<\/a><\/p>\n<p>&nbsp;<\/p>\n<p>&nbsp;<\/p>\n<h3><span class=\"ez-toc-section\" id=\"9_Theoule-sur-Mer_la_perle_sauvage_de_lEsterel\"><\/span>9. Th\u00e9oule-sur-Mer : la perle sauvage de l&rsquo;Est\u00e9rel<span class=\"ez-toc-section-end\"><\/span><\/h3>\n<p>&nbsp;<\/p>\n<p><strong>30 minutes de route<\/strong><\/p>\n<p>&nbsp;<\/p>\n<p><iframe title=\"Th\u00e9oule sur Mer. Provence-Alpes-C\u00f4te d&#039;Azur.\" width=\"800\" height=\"450\" src=\"https:\/\/www.youtube.com\/embed\/ZkHXL0gt57g?feature=oembed\" frameborder=\"0\" allow=\"accelerometer; autoplay; clipboard-write; encrypted-media; gyroscope; picture-in-picture; web-share\" referrerpolicy=\"strict-origin-when-cross-origin\" allowfullscreen><\/iframe><\/p>\n<p>&nbsp;<\/p>\n<p>Th\u00e9oule-sur-Mer est une petite commune c\u00f4ti\u00e8re o\u00f9 la nature sauvage reprend ses droits sur l&rsquo;urbanisme azur\u00e9en.<\/p>\n<p>&nbsp;<\/p>\n<p>Ici, le <strong>massif de l&rsquo;Est\u00e9rel plonge directement dans la mer<\/strong>, cr\u00e9ant des <strong>criques confidentielles et des panoramas rouges flamboyants<\/strong>. C\u2019est la porte d\u2019entr\u00e9e de la c\u00e9l\u00e8bre Corniche d\u2019Or. Moins fr\u00e9quent\u00e9e que ses voisines, Th\u00e9oule offre une atmosph\u00e8re paisible, id\u00e9ale pour une journ\u00e9e de d\u00e9tente entre baignade et randonn\u00e9e c\u00f4ti\u00e8re.<\/p>\n<p>&nbsp;<\/p>\n<p><strong>\u00c0 faire \u00e0 Th\u00e9oule :<\/strong><\/p>\n<ul>\n<li><strong>Randonn\u00e9e dans l&rsquo;Est\u00e9rel :<\/strong> exploration des sentiers au d\u00e9part de la ville pour des vues \u00e0 360\u00b0.<\/li>\n<li><strong>Baignade dans la <a href=\"https:\/\/www.plages.tv\/detail\/crique-de-l-aiguille-theoule-sur-mer-06590\" target=\"_blank\" rel=\"noopener\">crique de l&rsquo;Aiguille<\/a> :<\/strong> d\u00e9tente dans l&rsquo;une des plus belles plages de rochers de la r\u00e9gion.<\/li>\n<li><strong>Observation du <a href=\"https:\/\/www.palaisbulles.com\/\" target=\"_blank\" rel=\"noopener\">Palais Bulles<\/a> :<\/strong> vue sur l&rsquo;architecture insolite d&rsquo;Antti Lovag (depuis la route).<\/li>\n<\/ul>\n<p>&nbsp;<\/p>\n<p><strong>Lieu \u00e0 visiter :<\/strong><\/p>\n<ul>\n<li><strong><a href=\"https:\/\/randoxygene.departement06.fr\/parc-de-la-pointe-de-laiguille\" target=\"_blank\" rel=\"noopener\">Le Parc D\u00e9partemental de la Pointe de l&rsquo;Aiguille<\/a> :<\/strong> espace prot\u00e9g\u00e9 entre mer et for\u00eat de pins.<\/li>\n<\/ul>\n<p>&nbsp;<\/p>\n<p><strong>O\u00f9 manger :<\/strong><\/p>\n<ul>\n<li><a href=\"https:\/\/www.marcopolo-plage.com\/\" target=\"_blank\" rel=\"noopener\">Le Marco Polo<\/a> : restaurant de plage raffin\u00e9 proposant des sp\u00e9cialit\u00e9s de poissons frais. Une destination id\u00e9ale pour les amoureux de la nature, les randonneurs et les petits groupes.<\/li>\n<\/ul>\n<p>&nbsp;<\/p>\n<p><a href=\"https:\/\/maps.app.goo.gl\/EHS3aDohPpcvAx3w5\" target=\"_blank\" rel=\"noopener\">Voir l&rsquo;itin\u00e9raire.<\/a><\/p>\n<p>&nbsp;<\/p>\n<p>&nbsp;<\/p>\n<h3><span class=\"ez-toc-section\" id=\"10_Valbonne_la_geometrie_du_charme_provencal\"><\/span>10. Valbonne : la g\u00e9om\u00e9trie du charme proven\u00e7al<span class=\"ez-toc-section-end\"><\/span><\/h3>\n<p>&nbsp;<\/p>\n<p><strong>25 minutes de route<\/strong><\/p>\n<p>&nbsp;<\/p>\n<p><iframe title=\"Valbonne, Alpes-Maritimes, Provence-Alpes-C\u00f4te d&#039;Azur, France [HD] (videoturysta)\" width=\"800\" height=\"450\" src=\"https:\/\/www.youtube.com\/embed\/kREs1oCjN90?feature=oembed\" frameborder=\"0\" allow=\"accelerometer; autoplay; clipboard-write; encrypted-media; gyroscope; picture-in-picture; web-share\" referrerpolicy=\"strict-origin-when-cross-origin\" allowfullscreen><\/iframe><\/p>\n<p>&nbsp;<\/p>\n<p>Valbonne se distingue par son plan urbain orthogonal unique, cr\u00e9\u00e9 par les moines de l&rsquo;abbaye au XVIe si\u00e8cle.<\/p>\n<p>&nbsp;<\/p>\n<p>Contrairement aux villages perch\u00e9s habituels, Valbonne s&rsquo;\u00e9tend dans une vall\u00e9e autour d&rsquo;une place centrale \u00e0 arcades. Ce village dynamique a su conserver son <strong>\u00e2me proven\u00e7ale<\/strong> tout en \u00e9tant proche du technop\u00f4le de Sophia Antipolis. Ses <strong>maisons aux teintes pastel et ses terrasses anim\u00e9es<\/strong> en font une escale conviviale et pleine de vie.<\/p>\n<p>&nbsp;<\/p>\n<p><strong>\u00c0 faire \u00e0 Valbonne :<\/strong><\/p>\n<ul>\n<li><strong>D\u00e9tente sur la Place des Arcades :<\/strong> le c\u0153ur battant du village pour un caf\u00e9 sous les vo\u00fbtes. <a href=\"https:\/\/maps.app.goo.gl\/hoW7ZKXSjdg7Jpba9\" target=\"_blank\" rel=\"noopener\">Voir l&rsquo;itin\u00e9raire.<\/a>\u00a0<\/li>\n<li><strong>Shopping chez les artisans locaux :<\/strong> brocantes et galeries d&rsquo;art au fil des rues en damier.<\/li>\n<li><strong>Balade dans la <a href=\"https:\/\/randoxygene.departement06.fr\/parc-de-la-brague\" target=\"_blank\" rel=\"noopener\">for\u00eat de la Brague<\/a> :<\/strong> sentiers ombrag\u00e9s longeant la rivi\u00e8re \u00e0 proximit\u00e9 du village.<\/li>\n<\/ul>\n<p>&nbsp;<\/p>\n<p><strong>Lieu \u00e0 visiter :<\/strong><\/p>\n<ul>\n<li><strong><a href=\"https:\/\/www.fondation-patrimoine.org\/les-projets\/abbaye-chalaisienne-de-valbonne\/79877\" target=\"_blank\" rel=\"noopener\">L&rsquo;Abbaye de Valbonne<\/a> :<\/strong> chef-d&rsquo;\u0153uvre de l&rsquo;architecture chalaisienne du XIIIe si\u00e8cle.<\/li>\n<\/ul>\n<p>&nbsp;<\/p>\n<p><strong>O\u00f9 manger :<\/strong><\/p>\n<ul>\n<li><a href=\"https:\/\/cafearcades.fr\/\" target=\"_blank\" rel=\"noopener\">Le Caf\u00e9 des Arcades<\/a> : cuisine bistronomique traditionnelle servie dans un cadre historique. Une destination id\u00e9ale pour les groupes de travail, les familles et les amateurs de patrimoine.<\/li>\n<\/ul>\n<p>&nbsp;<\/p>\n<p><a href=\"https:\/\/maps.app.goo.gl\/yYHaoJcgJmA4v2M18\" target=\"_blank\" rel=\"noopener\">Voir l&rsquo;itin\u00e9raire.<\/a><\/p>\n<p>&nbsp;<\/p>\n<p>&nbsp;<\/p>\n<h3><span class=\"ez-toc-section\" id=\"11_Vallauris_la_cite_de_la_ceramique_et_du_feu\"><\/span>11. Vallauris : la cit\u00e9 de la c\u00e9ramique et du feu<span class=\"ez-toc-section-end\"><\/span><\/h3>\n<p>&nbsp;<\/p>\n<p><strong>15 minutes de route<\/strong><\/p>\n<p>&nbsp;<\/p>\n<p><iframe title=\"Bienvenue \u00e0 Vallauris Golfe-Juan!\" width=\"800\" height=\"450\" src=\"https:\/\/www.youtube.com\/embed\/gsjlyryD_bQ?feature=oembed\" frameborder=\"0\" allow=\"accelerometer; autoplay; clipboard-write; encrypted-media; gyroscope; picture-in-picture; web-share\" referrerpolicy=\"strict-origin-when-cross-origin\" allowfullscreen><\/iframe><\/p>\n<p>&nbsp;<\/p>\n<p>Vallauris est une <strong>ville de tradition artisanale<\/strong> dont le nom est \u00e0 jamais li\u00e9 \u00e0 celui de <strong>Pablo Picasso et au renouveau de la poterie<\/strong>. C&rsquo;est ici que le ma\u00eetre espagnol a r\u00e9volutionn\u00e9 l&rsquo;art de la terre dans les ann\u00e9es 50.<\/p>\n<p>&nbsp;<\/p>\n<p>Aujourd&rsquo;hui, la ville conserve de <strong>nombreux ateliers de ma\u00eetres-c\u00e9ramistes et des galeries sp\u00e9cialis\u00e9es<\/strong>. Le c\u0153ur de la ville, authentique et populaire, t\u00e9moigne d&rsquo;une ferveur artistique qui continue de vivre \u00e0 travers les expositions et les biennales internationales.<\/p>\n<p>&nbsp;<\/p>\n<p><strong>\u00c0 faire \u00e0 Vallauris :<\/strong><\/p>\n<ul>\n<li><strong>Parcours des c\u00e9ramistes :<\/strong> visite des ateliers sur l&rsquo;avenue Georges Clemenceau.<\/li>\n<li><strong>D\u00e9couverte de la statue de l&rsquo;<a href=\"https:\/\/maps.app.goo.gl\/VPpaEXnEZi4yaNhd8\" target=\"_blank\" rel=\"noopener\">Homme au Mouton<\/a> :<\/strong> \u0153uvre monumentale offerte par Picasso \u00e0 la ville.<\/li>\n<li><strong>Exploration du <a href=\"https:\/\/www.vallauris-golfe-juan.fr\/20753-le-musee-magnelli-musee-de-la-ceramique.htm\" target=\"_blank\" rel=\"noopener\">Mus\u00e9e de la C\u00e9ramique<\/a> :<\/strong> pr\u00e9sentation du savoir-faire local \u00e0 travers les \u00e2ges.<\/li>\n<\/ul>\n<p>&nbsp;<\/p>\n<p><strong>Lieu \u00e0 visiter :<\/strong><\/p>\n<ul>\n<li><strong><a href=\"https:\/\/musees-nationaux-alpesmaritimes.fr\/picasso\/\" target=\"_blank\" rel=\"noopener\">Le Mus\u00e9e National Picasso \u00ab\u00a0La Guerre et la Paix\u00a0\u00bb<\/a> :<\/strong> chapelle romane d\u00e9cor\u00e9e d&rsquo;une fresque monumentale.<\/li>\n<\/ul>\n<p>&nbsp;<\/p>\n<p><strong>O\u00f9 manger :<\/strong><\/p>\n<ul>\n<li><a href=\"https:\/\/le-clos-cosette.fr\/fr\" target=\"_blank\" rel=\"noopener\">Le Clos Cosette<\/a> : adresse conviviale et authentique fr\u00e9quent\u00e9e par les locaux. Une destination id\u00e9ale pour les groupes d&rsquo;\u00e9tudiants en art, les curieux et les seniors.<\/li>\n<\/ul>\n<p>&nbsp;<\/p>\n<p><a href=\"https:\/\/maps.app.goo.gl\/WqGte58e5WDEmNAx9\" target=\"_blank\" rel=\"noopener\">Voir l&rsquo;itin\u00e9raire.<\/a><\/p>\n<p>&nbsp;<\/p>\n<p>&nbsp;<\/p>\n<h3><span class=\"ez-toc-section\" id=\"12_Biot_leclat_du_verre_bulle\"><\/span>12. Biot : l&rsquo;\u00e9clat du verre bull\u00e9<span class=\"ez-toc-section-end\"><\/span><\/h3>\n<p>&nbsp;<\/p>\n<p><strong>25 minutes de route<\/strong><\/p>\n<p>&nbsp;<\/p>\n<p><iframe title=\"Biot : le charme d&#039;un village perch\u00e9 au-dessus de la M\u00e9diterran\u00e9e, rep\u00e8re des sculpteurs et verriers\" width=\"800\" height=\"450\" src=\"https:\/\/www.youtube.com\/embed\/ZtLTq0Iopj4?feature=oembed\" frameborder=\"0\" allow=\"accelerometer; autoplay; clipboard-write; encrypted-media; gyroscope; picture-in-picture; web-share\" referrerpolicy=\"strict-origin-when-cross-origin\" allowfullscreen><\/iframe><\/p>\n<p>&nbsp;<\/p>\n<p>Perch\u00e9 sur une butte, Biot est un <strong>village m\u00e9di\u00e9val au riche pass\u00e9 historique qui a trouv\u00e9 sa renomm\u00e9e mondiale dans l&rsquo;art du verre<\/strong>.<\/p>\n<p>&nbsp;<\/p>\n<p><strong>Ses ruelles fleuries et ses places pav\u00e9es de calades<\/strong> m\u00e8nent aux c\u00e9l\u00e8bres verreries o\u00f9 les artisans travaillent le verre bull\u00e9, une technique sp\u00e9cifique n\u00e9e ici. Biot est une ville d&rsquo;artisans (joailliers, potiers, verriers) qui a su garder une atmosph\u00e8re de village tout en rayonnant culturellement gr\u00e2ce \u00e0 ses mus\u00e9es d&rsquo;envergure.<\/p>\n<p>&nbsp;<\/p>\n<p><strong>\u00c0 faire \u00e0 Biot :<\/strong><\/p>\n<ul>\n<li><strong>D\u00e9monstration de soufflage de verre :<\/strong> observation du travail spectaculaire des ma\u00eetres verriers.<\/li>\n<li><strong>Balade dans le Vieux Biot :<\/strong> d\u00e9couverte des maisons m\u00e9di\u00e9vales et des anciennes portes de la ville.<\/li>\n<li><strong>Pause sur la Place des Arcades :<\/strong> l&rsquo;endroit id\u00e9al pour s&rsquo;impr\u00e9gner de l&rsquo;ambiance locale.<\/li>\n<\/ul>\n<p>&nbsp;<\/p>\n<p><strong>Lieu \u00e0 visiter :<\/strong><\/p>\n<ul>\n<li><strong><a href=\"https:\/\/musees-nationaux-alpesmaritimes.fr\/fleger\/\" target=\"_blank\" rel=\"noopener\">Le Mus\u00e9e National Fernand L\u00e9ger<\/a> :<\/strong> architecture imposante abritant les \u0153uvres color\u00e9es du peintre.<\/li>\n<\/ul>\n<p>&nbsp;<\/p>\n<p><strong>O\u00f9 manger :<\/strong><\/p>\n<ul>\n<li><a href=\"https:\/\/www.lesterraillers.fr\/\" target=\"_blank\" rel=\"noopener\">Les Terraillers<\/a> : restaurant gastronomique situ\u00e9 dans un cadre magnifique charg\u00e9 d&rsquo;histoire. Une destination id\u00e9ale pour les groupes culturels, les d\u00e9l\u00e9gations et les amateurs d&rsquo;artisanat.<\/li>\n<\/ul>\n<p>&nbsp;<\/p>\n<p><a href=\"https:\/\/maps.app.goo.gl\/BuL6UpMFbgKHV6JZ7\" target=\"_blank\" rel=\"noopener\">Voir l&rsquo;itin\u00e9raire.<\/a><\/p>\n<p>&nbsp;<\/p>\n<p>&nbsp;<\/p>\n<h3><span class=\"ez-toc-section\" id=\"13_Saint-Tropez_entre_legende_du_cinema_et_authenticite\"><\/span>13. Saint-Tropez : entre l\u00e9gende du cin\u00e9ma et authenticit\u00e9<span class=\"ez-toc-section-end\"><\/span><\/h3>\n<p>&nbsp;<\/p>\n<p><strong>1h30 de route<\/strong><\/p>\n<p>&nbsp;<\/p>\n<p><iframe title=\"St Tropez France - French Riviera 4K\" width=\"800\" height=\"450\" src=\"https:\/\/www.youtube.com\/embed\/09ck9iz4fEw?start=30&#038;feature=oembed\" frameborder=\"0\" allow=\"accelerometer; autoplay; clipboard-write; encrypted-media; gyroscope; picture-in-picture; web-share\" referrerpolicy=\"strict-origin-when-cross-origin\" allowfullscreen><\/iframe><\/p>\n<p>&nbsp;<\/p>\n<p>Ancien petit port de p\u00eache, Saint-Tropez est devenu une <strong>ic\u00f4ne mondiale<\/strong>, sans pour autant perdre son charme proven\u00e7al originel.<\/p>\n<p>&nbsp;<\/p>\n<p>Derri\u00e8re la fa\u00e7ade glamour des yachts et des boutiques de luxe, Saint-Tropez d\u00e9voile un quartier historique (\u00ab\u00a0La Ponche\u00a0\u00bb) aux <strong>maisons ocres et des places o\u00f9 l&rsquo;on joue encore \u00e0 la p\u00e9tanque<\/strong>. Le village vit au rythme de ses traditions, comme les Bravades, et offre des paysages c\u00f4tiers d&rsquo;une beaut\u00e9 sauvage d\u00e8s que l&rsquo;on s&rsquo;\u00e9loigne du port.<\/p>\n<p>&nbsp;<\/p>\n<p><strong>\u00c0 faire \u00e0 Saint-Tropez :<\/strong><\/p>\n<ul>\n<li><strong>Tour de la Place des Lices :<\/strong> ambiance typique sous les platanes les jours de march\u00e9.<\/li>\n<li><strong>Fl\u00e2nerie sur le Port :<\/strong> spectacle des voiliers et des terrasses color\u00e9es.<\/li>\n<li><strong>Randonn\u00e9e sur le sentier des Douaniers :<\/strong> d\u00e9couverte des plages de Pampelonne et de la baie.<\/li>\n<\/ul>\n<p>&nbsp;<\/p>\n<p><strong>Lieu \u00e0 visiter :<\/strong><\/p>\n<ul>\n<li><strong><a href=\"https:\/\/www.saint-tropez.fr\/culture\/citadelle\/\" target=\"_blank\" rel=\"noopener\">La Citadelle de Saint-Tropez<\/a> :<\/strong> forteresse offrant une vue panoramique sur le golfe.<\/li>\n<\/ul>\n<p>&nbsp;<\/p>\n<p><strong>O\u00f9 manger :<\/strong><\/p>\n<ul>\n<li><a href=\"https:\/\/www.tripadvisor.fr\/Restaurant_Review-g187242-d2181728-Reviews-Senequier-Saint_Tropez_French_Riviera_Cote_d_Azur_Provence_Alpes_Cote_d_Azur.html\" target=\"_blank\" rel=\"noopener\">S\u00e9n\u00e9quier<\/a> : l&rsquo;incontournable terrasse rouge pour go\u00fbter la c\u00e9l\u00e8bre Tarte Trop\u00e9zienne. Une destination id\u00e9ale pour les groupes de touristes, les entreprises et les fans de cin\u00e9ma.<\/li>\n<\/ul>\n<p>&nbsp;<\/p>\n<p><a href=\"https:\/\/maps.app.goo.gl\/Xgj8GwSq4e7gVs8v6\" target=\"_blank\" rel=\"noopener\">Voir l&rsquo;itin\u00e9raire.<\/a><\/p>\n<p>&nbsp;<\/p>\n<p><a href=\"https:\/\/francebus.com\/location-bus-saint-tropez\/\" target=\"_blank\" rel=\"noopener\">En savoir plus sur la location de bus \u00e0 Saint-Tropez.\u00a0<\/a><\/p>\n<p>&nbsp;<\/p>\n<p>&nbsp;<\/p>\n<h3><span class=\"ez-toc-section\" id=\"14_Villefranche-sur-Mer_la_splendeur_dune_rade_historique\"><\/span>14. Villefranche-sur-Mer : la splendeur d&rsquo;une rade historique<span class=\"ez-toc-section-end\"><\/span><\/h3>\n<p>&nbsp;<\/p>\n<p><strong>55 minutes de route<\/strong><\/p>\n<p>&nbsp;<\/p>\n<p><iframe title=\"\ud83c\uddeb\ud83c\uddf7 Villefranche-Sur-Mer: A Break From The Glamorous Life Of French Riviera\" width=\"800\" height=\"450\" src=\"https:\/\/www.youtube.com\/embed\/SUmz8s-qLRk?feature=oembed\" frameborder=\"0\" allow=\"accelerometer; autoplay; clipboard-write; encrypted-media; gyroscope; picture-in-picture; web-share\" referrerpolicy=\"strict-origin-when-cross-origin\" allowfullscreen><\/iframe><\/p>\n<p>&nbsp;<\/p>\n<p>Villefranche-sur-Mer poss\u00e8de l&rsquo;un des mouillages les plus profonds et les plus spectaculaires de la M\u00e9diterran\u00e9e.<\/p>\n<p>&nbsp;<\/p>\n<p><strong>Ses maisons aux fa\u00e7ades color\u00e9es<\/strong> d\u00e9gringolent jusqu&rsquo;\u00e0 la mer, cr\u00e9ant un <strong>d\u00e9cor digne d&rsquo;une carte postale<\/strong>. Le village est marqu\u00e9 par son pass\u00e9 militaire et ses liens avec les artistes comme Jean Cocteau. Son calme, ses eaux cristallines et sa \u00ab\u00a0Rue Obscure\u00a0\u00bb souterraine en font une destination insolite et particuli\u00e8rement photog\u00e9nique.<\/p>\n<p>&nbsp;<\/p>\n<p><strong>\u00c0 faire \u00e0 Villefranche :<\/strong><\/p>\n<ul>\n<li><strong>Exploration de la <a href=\"https:\/\/www.explorenicecotedazur.com\/fiche\/la-rue-obscure\/\" target=\"_blank\" rel=\"noopener\">Rue Obscure<\/a> :<\/strong> passage vo\u00fbt\u00e9 du XIIIe si\u00e8cle unique en son genre.<\/li>\n<li><strong>Pause sur le Quai Courbet :<\/strong> pour profiter de la douceur de vivre face aux bateaux.<\/li>\n<li><strong>Visite de la <a href=\"https:\/\/www.explorenicecotedazur.com\/fiche\/citadelle-saint-elme-de-villefranche-sur-mer\/\" target=\"_blank\" rel=\"noopener\">Citadelle Saint-Elme<\/a> :<\/strong> ensemble fortifi\u00e9 abritant l&rsquo;h\u00f4tel de ville et des jardins.<\/li>\n<\/ul>\n<p>&nbsp;<\/p>\n<p><strong>Lieu \u00e0 visiter :<\/strong><\/p>\n<ul>\n<li><strong><a href=\"https:\/\/www.explorenicecotedazur.com\/en\/info\/la-chapelle-saint-pierre-decoree-par-jean-cocteau-en\/\" target=\"_blank\" rel=\"noopener\">La Chapelle Saint-Pierre<\/a> :<\/strong> d\u00e9cor\u00e9e par Jean Cocteau en hommage aux p\u00eacheurs.<\/li>\n<\/ul>\n<p>&nbsp;<\/p>\n<p><strong>O\u00f9 manger :<\/strong><\/p>\n<ul>\n<li><a href=\"https:\/\/www.lameregermaine.com\/\" target=\"_blank\" rel=\"noopener\">La M\u00e8re Germaine<\/a> : restaurant historique r\u00e9put\u00e9 pour sa bouillabaisse face \u00e0 la mer. Une destination id\u00e9ale pour les croisi\u00e9ristes, les photographes et les groupes de loisirs.<\/li>\n<\/ul>\n<p>&nbsp;<\/p>\n<p><a href=\"https:\/\/maps.app.goo.gl\/XE9oveW49yLMJVBSA\" target=\"_blank\" rel=\"noopener\">Voir l&rsquo;itin\u00e9raire.<\/a><\/p>\n<p>&nbsp;<\/p>\n<p>&nbsp;<\/p>\n<h3><span class=\"ez-toc-section\" id=\"15_Menton_la_perle_baroque_des_jardins\"><\/span>15. Menton : la perle baroque des jardins<span class=\"ez-toc-section-end\"><\/span><\/h3>\n<p>&nbsp;<\/p>\n<p><strong> 1h10 de route<\/strong><\/p>\n<p>&nbsp;<\/p>\n<p><iframe title=\"MENTON - Couleurs de M\u00e9diterran\u00e9e 4K\" width=\"800\" height=\"450\" src=\"https:\/\/www.youtube.com\/embed\/WnqAUcbTkBw?feature=oembed\" frameborder=\"0\" allow=\"accelerometer; autoplay; clipboard-write; encrypted-media; gyroscope; picture-in-picture; web-share\" referrerpolicy=\"strict-origin-when-cross-origin\" allowfullscreen><\/iframe><\/p>\n<p>&nbsp;<\/p>\n<p><strong>Situ\u00e9e \u00e0 la fronti\u00e8re italienne<\/strong>, Menton b\u00e9n\u00e9ficie d&rsquo;un microclimat exceptionnel qui lui vaut son titre de \u00ab\u00a0<strong>cit\u00e9 du citron<\/strong>\u00ab\u00a0.<\/p>\n<p>&nbsp;<\/p>\n<p>La vieille ville, aux <strong>fa\u00e7ades baroques \u00e9clatantes<\/strong>, surplombe le port et les plages. Menton est mondialement c\u00e9l\u00e8bre pour ses <strong>jardins luxuriants et sa F\u00eate du Citron<\/strong>. C&rsquo;est une ville \u00e9l\u00e9gante, paisible, o\u00f9 l&rsquo;influence italienne se ressent tant dans l&rsquo;architecture que dans la cuisine locale.<\/p>\n<p>&nbsp;<\/p>\n<p><strong>\u00c0 faire \u00e0 Menton :<\/strong><\/p>\n<ul>\n<li><strong>Mont\u00e9e \u00e0 la <a href=\"https:\/\/www.menton.fr\/la-basilique-saint-michel-archange.html?oaq%5Bwhat%5D=vieille%20ville&amp;oaq%5Btags%5D%5B0%5D=visites-du-patrimoine\" target=\"_blank\" rel=\"noopener\">Basilique Saint-Michel<\/a> :<\/strong> parvis en mosa\u00efques et panorama sur la baie.<\/li>\n<li><strong>Promenade sur l&rsquo;Esplanade du Bastion :<\/strong> le long du littoral jusqu&rsquo;au port.<\/li>\n<li><strong>D\u00e9gustation de produits \u00e0 base de citron :<\/strong> liqueurs et confitures locales dans les boutiques du centre.<\/li>\n<\/ul>\n<p>&nbsp;<\/p>\n<p><strong>Lieu \u00e0 visiter :<\/strong><\/p>\n<ul>\n<li><strong><a href=\"https:\/\/serredelamadone.fr\/fr\/\" target=\"_blank\" rel=\"noopener\">Le Jardin Serre de la Madone<\/a> :<\/strong> un espace botanique d&rsquo;exception aux essences rares.<\/li>\n<\/ul>\n<p>&nbsp;<\/p>\n<p><strong>O\u00f9 manger :<\/strong><\/p>\n<ul>\n<li><a href=\"https:\/\/www.mirazur.fr\/\" target=\"_blank\" rel=\"noopener\">Mirazur<\/a> : le restaurant du chef Mauro Colagreco, \u00e9lu meilleur restaurant du monde. Une destination id\u00e9ale pour les groupes de seniors, les passionn\u00e9s de botanique et les gourmets.<\/li>\n<\/ul>\n<p>&nbsp;<\/p>\n<p><a href=\"https:\/\/maps.app.goo.gl\/9yqZcXXBEYRywK4U6\" target=\"_blank\" rel=\"noopener\">Voir l&rsquo;itin\u00e9raire.<\/a><\/p>\n<p>&nbsp;<\/p>\n<p><a href=\"https:\/\/francebus.com\/location-bus-menton\/\" target=\"_blank\" rel=\"noopener\">En savoir plus sur la location de bus \u00e0 Menton.<\/a>\u00a0<\/p>\n<p>&nbsp;<\/p>\n<p>&nbsp;<\/p>\n<h2><span class=\"ez-toc-section\" id=\"Focus_Les_Iles_de_Lerins_un_havre_de_paix_face_a_la_Croisette\"><\/span>Focus : Les \u00celes de L\u00e9rins : un havre de paix face \u00e0 la Croisette<span class=\"ez-toc-section-end\"><\/span><\/h2>\n<p>&nbsp;<\/p>\n<p><strong>15 minutes de travers\u00e9e en bateau depuis Cannes<\/strong><\/p>\n<p>&nbsp;<\/p>\n<p>Archipel pr\u00e9serv\u00e9, les <a href=\"https:\/\/www.cannes.com\/fr\/index\/les-iles-de-lerins.html\" target=\"_blank\" rel=\"noopener\">\u00celes de L\u00e9rins<\/a> offrent une d\u00e9connexion totale \u00e0 seulement quelques encablures de l&rsquo;effervescence cannoise.<\/p>\n<p>&nbsp;<\/p>\n<p><a href=\"https:\/\/www.cannes.com\/fr\/index\/les-iles-de-lerins\/ile-sainte-marguerite.html\" target=\"_blank\" rel=\"noopener\">Sainte-Marguerite<\/a>, la plus grande, est une \u00eele foresti\u00e8re riche en histoire. Elle abrite le Fort Royal o\u00f9 fut emprisonn\u00e9 l&rsquo;Homme au Masque de Fer. Ses sentiers bord\u00e9s d&rsquo;eucalyptus et ses criques turquoise sont parfaits pour une journ\u00e9e nature.<\/p>\n<p><a href=\"https:\/\/www.cannes.com\/fr\/index\/les-iles-de-lerins\/ile-saint-honorat.html\" target=\"_blank\" rel=\"noopener\">Saint-Honorat<\/a>, plus petite, appartient \u00e0 une communaut\u00e9 de moines cisterciens. C&rsquo;est une \u00eele de silence et de spiritualit\u00e9 o\u00f9 l&rsquo;on produit des vins r\u00e9put\u00e9s mondialement.<\/p>\n<p>&nbsp;<\/p>\n<p><strong>\u00c0 faire aux \u00eeles :<\/strong><\/p>\n<ul>\n<li><strong>Visite du Monast\u00e8re Fortifi\u00e9 (Saint-Honorat) :<\/strong> monument m\u00e9di\u00e9val spectaculaire en bord de mer.<\/li>\n<li><strong>D\u00e9gustation des vins de l&rsquo;<a href=\"https:\/\/www.abbayedelerins.com\/\" target=\"_blank\" rel=\"noopener\">Abbaye<\/a> :<\/strong> produits sur place par les moines.<\/li>\n<li><strong>Randonn\u00e9e foresti\u00e8re (Sainte-Marguerite) :<\/strong> parcours ombrag\u00e9 de 7km autour de l&rsquo;\u00eele.<\/li>\n<\/ul>\n<p>&nbsp;<\/p>\n<p><strong>Lieu \u00e0 visiter :<\/strong><\/p>\n<ul>\n<li><strong><a href=\"https:\/\/www.cannes.com\/fr\/culture\/musees-et-expositions\/musee-du-masque-de-fer-et-du-fort-royal.html\" target=\"_blank\" rel=\"noopener\">Le Fort Royal et le Mus\u00e9e du Masque de Fer<\/a> :<\/strong> plong\u00e9e dans les myst\u00e8res de l&rsquo;histoire de France.<\/li>\n<\/ul>\n<p>&nbsp;<\/p>\n<p><strong>O\u00f9 manger :<\/strong><\/p>\n<ul>\n<li><a href=\"https:\/\/www.restaurantlaguerite.com\/\" target=\"_blank\" rel=\"noopener\">La Gu\u00e9rite<\/a> (Sainte-Marguerite) : restaurant chic et festif accessible uniquement par bateau. Une destination id\u00e9ale pour les sorties d&rsquo;entreprises, les journ\u00e9es d\u00e9tente et les groupes scolaires.<\/li>\n<\/ul>\n<p>&nbsp;<\/p>\n<p><a href=\"https:\/\/maps.app.goo.gl\/FySuDD3cznVK1yxL9\" target=\"_blank\" rel=\"noopener\">Voir l&rsquo;itin\u00e9raire.<\/a><\/p>\n<p>&nbsp;<\/p>\n<p>&nbsp;<\/p>\n<h2><span class=\"ez-toc-section\" id=\"Les_avantages_de_la_location_de_minibus_minivan_et_autocars\"><\/span>Les avantages de la location de minibus, minivan et autocars<span class=\"ez-toc-section-end\"><\/span><\/h2>\n<p>&nbsp;<\/p>\n<p>Organiser une excursion pour 15 destinations autour de Cannes n\u00e9cessite une <strong>logistique irr\u00e9prochable<\/strong>. Voici pourquoi le transport priv\u00e9 est la solution optimale :<\/p>\n<p>&nbsp;<\/p>\n<ul>\n<li><strong>Confort et s\u00e9r\u00e9nit\u00e9 :<\/strong> voyagez dans des v\u00e9hicules climatis\u00e9s avec chauffeurs professionnels, sans stress li\u00e9 \u00e0 la conduite ou au stationnement.<\/li>\n<li><strong>Convivialit\u00e9 :<\/strong> gardez tout votre groupe r\u00e9uni dans un seul v\u00e9hicule pour partager les \u00e9motions du voyage d\u00e8s le d\u00e9part.<\/li>\n<li><strong>Acc\u00e8s privil\u00e9gi\u00e9 :<\/strong> nos chauffeurs connaissent les points de d\u00e9pose les plus proches des centres historiques souvent difficiles d&rsquo;acc\u00e8s.<\/li>\n<li><strong>Flexibilit\u00e9 d&rsquo;horaires :<\/strong> cr\u00e9ez votre propre itin\u00e9raire sur-mesure sans d\u00e9pendre des horaires des transports en commun.<\/li>\n<\/ul>\n<p>&nbsp;<\/p>\n<p>&nbsp;<\/p>\n<h2><span class=\"ez-toc-section\" id=\"Pourquoi_choisir_Francebus_comme_partenaire_de_transport\"><\/span>Pourquoi choisir Francebus comme partenaire de transport ?<span class=\"ez-toc-section-end\"><\/span><\/h2>\n<p>&nbsp;<\/p>\n<p>Nous sommes sp\u00e9cialis\u00e9s dans le transport de voyageurs sur la C\u00f4te d&rsquo;Azur. En nous confiant vos d\u00e9placements, vous profitez de :<\/p>\n<p>&nbsp;<\/p>\n<ul>\n<li><strong>Une expertise locale :<\/strong> une connaissance parfaite des routes de l&rsquo;arri\u00e8re-pays et des contraintes du littoral.<\/li>\n<li><strong>Une <a href=\"https:\/\/francebus.com\/notre-flotte\/\" target=\"_blank\" rel=\"noopener\">flotte<\/a> vari\u00e9e :<\/strong> du minivan luxe (Mercedes Classe V) \u00e0 l&rsquo;autocar de \u00ab\u00a0grand confort\u00a0\u00bb, nous avons le v\u00e9hicule adapt\u00e9 \u00e0 la taille de votre groupe :<\/li>\n<\/ul>\n<p>&#8211; Minivans : 8 places\u00a0<\/p>\n<p>&#8211; Minibus : 19 places\u00a0<\/p>\n<p>&#8211; Midibus : 35 places\u00a0<\/p>\n<p>&#8211; Autocars : 49 places et +\u00a0<\/p>\n<p>&#8211; Berlines \u00ab\u00a0haut de gamme\u00a0\u00bb\u00a0<\/p>\n<ul>\n<li><strong>S\u00e9curit\u00e9 et ponctualit\u00e9 :<\/strong> des <strong>chauffeurs exp\u00e9riment\u00e9s<\/strong> et des <strong>v\u00e9hicules entretenus<\/strong> selon les normes les plus strictes.<\/li>\n<li><strong>Service personnalis\u00e9 :<\/strong> une \u00e9quipe \u00e0 votre \u00e9coute pour organiser vos transferts a\u00e9roports, vos soir\u00e9es ou vos excursions d&rsquo;une journ\u00e9e.<\/li>\n<\/ul>\n<p>&nbsp;<\/p>\n<p>Choisir Francebus, c&rsquo;est s&rsquo;assurer :\u00a0\u00a0<\/p>\n<p>&nbsp;<\/p>\n<p>\u2705 confort\u00a0<\/p>\n<p>\u2705 fiabilit\u00e9\u00a0<\/p>\n<p>\u2705 ponctualit\u00e9\u00a0<\/p>\n<p>\u2705 s\u00e9curit\u00e9\u00a0<\/p>\n<p>\u2705 s\u00e9r\u00e9nit\u00e9 d&rsquo;esprit\u00a0<\/p>\n<p>&nbsp;<\/p>\n<p><em>N&rsquo;h\u00e9sitez plus et voyagez avec Francebus !\u00a0<\/em><\/p>\n<p>&nbsp;<\/p>\n<h2><span class=\"ez-toc-section\" id=\"Demandez_votre_devis_gratuit_en_ligne\"><\/span><a href=\"https:\/\/francebus.com\/devis\/\" target=\"_blank\" rel=\"noopener\">Demandez votre devis gratuit en ligne.<\/a><span class=\"ez-toc-section-end\"><\/span><\/h2>\n<h2><span class=\"ez-toc-section\" id=\"i\"><\/span>\u00a0<span class=\"ez-toc-section-end\"><\/span><\/h2>\n<p>Voici quelques id\u00e9es de tarifs (<strong>tarifs sans engagement<\/strong>), \u00e0 partir de :\u00a0\u00a0<\/p>\n<p>&nbsp;<\/p>\n<table style=\"border-collapse: collapse; width: 100%; height: 368px;\">\n<tbody>\n<tr style=\"height: 23px;\">\n<td style=\"width: 14.2857%; text-align: center; height: 23px;\"><strong>Lieu de pris en charge\u00a0<\/strong><\/td>\n<td style=\"width: 14.2857%; text-align: center; height: 23px;\"><strong>Lieu de d\u00e9p\u00f4t<\/strong><\/td>\n<td style=\"width: 14.2857%; text-align: center; height: 23px;\"><strong>Minivans (8 places)\u00a0<\/strong><\/td>\n<td style=\"width: 14.2857%; text-align: center; height: 23px;\"><strong>Minibus (19 places)\u00a0<\/strong><\/td>\n<td style=\"width: 14.2857%; text-align: center; height: 23px;\"><strong>Autocars (50 places)\u00a0<\/strong><\/td>\n<\/tr>\n<tr style=\"height: 23px;\">\n<td style=\"width: 14.2857%; height: 23px; text-align: center;\">Cannes<\/td>\n<td style=\"width: 14.2857%; height: 23px; text-align: center;\">Antibes\u00a0<\/td>\n<td style=\"width: 14.2857%; height: 23px; text-align: center;\">700 \u20ac<\/td>\n<td style=\"width: 14.2857%; height: 23px; text-align: center;\">760 \u20ac<\/td>\n<td style=\"width: 14.2857%; height: 23px; text-align: center;\">820 \u20ac<\/td>\n<\/tr>\n<tr style=\"height: 23px;\">\n<td style=\"width: 14.2857%; height: 23px; text-align: center;\">Cannes<\/td>\n<td style=\"width: 14.2857%; height: 23px; text-align: center;\">Grasse<\/td>\n<td style=\"width: 14.2857%; height: 23px; text-align: center;\">700 \u20ac<\/td>\n<td style=\"width: 14.2857%; height: 23px; text-align: center;\">760 \u20ac<\/td>\n<td style=\"width: 14.2857%; height: 23px; text-align: center;\">820 \u20ac<\/td>\n<\/tr>\n<tr style=\"height: 23px;\">\n<td style=\"width: 14.2857%; height: 23px; text-align: center;\">Cannes<\/td>\n<td style=\"width: 14.2857%; height: 23px; text-align: center;\">Saint-Paul-de-Vence<\/td>\n<td style=\"width: 14.2857%; height: 23px; text-align: center;\">700 \u20ac<\/td>\n<td style=\"width: 14.2857%; height: 23px; text-align: center;\">760 \u20ac<\/td>\n<td style=\"width: 14.2857%; height: 23px; text-align: center;\">820 \u20ac<\/td>\n<\/tr>\n<tr style=\"height: 23px;\">\n<td style=\"width: 14.2857%; height: 23px; text-align: center;\">Cannes<\/td>\n<td style=\"width: 14.2857%; height: 23px; text-align: center;\">Nice<\/td>\n<td style=\"width: 14.2857%; height: 23px; text-align: center;\">700 \u20ac<\/td>\n<td style=\"width: 14.2857%; height: 23px; text-align: center;\">760 \u20ac<\/td>\n<td style=\"width: 14.2857%; height: 23px; text-align: center;\">820 \u20ac<\/td>\n<\/tr>\n<tr style=\"height: 23px;\">\n<td style=\"width: 14.2857%; height: 23px; text-align: center;\">Cannes<\/td>\n<td style=\"width: 14.2857%; height: 23px; text-align: center;\">Monaco<\/td>\n<td style=\"width: 14.2857%; height: 23px; text-align: center;\">720 \u20ac<\/td>\n<td style=\"width: 14.2857%; height: 23px; text-align: center;\">780 \u20ac<\/td>\n<td style=\"width: 14.2857%; height: 23px; text-align: center;\">840 \u20ac<\/td>\n<\/tr>\n<tr style=\"height: 23px;\">\n<td style=\"width: 14.2857%; height: 23px; text-align: center;\">Cannes<\/td>\n<td style=\"width: 14.2857%; height: 23px; text-align: center;\">Mougins<\/td>\n<td style=\"width: 14.2857%; height: 23px; text-align: center;\">700 \u20ac<\/td>\n<td style=\"width: 14.2857%; height: 23px; text-align: center;\">760 \u20ac<\/td>\n<td style=\"width: 14.2857%; height: 23px; text-align: center;\">820 \u20ac<\/td>\n<\/tr>\n<tr style=\"height: 23px;\">\n<td style=\"width: 14.2857%; height: 23px; text-align: center;\">Cannes<\/td>\n<td style=\"width: 14.2857%; height: 23px; text-align: center;\">\u00c8ze<\/td>\n<td style=\"width: 14.2857%; height: 23px; text-align: center;\">720 \u20ac<\/td>\n<td style=\"width: 14.2857%; height: 23px; text-align: center;\">780 \u20ac<\/td>\n<td style=\"width: 14.2857%; height: 23px; text-align: center;\">840 \u20ac<\/td>\n<\/tr>\n<tr style=\"height: 23px;\">\n<td style=\"width: 14.2857%; height: 23px; text-align: center;\">Cannes<\/td>\n<td style=\"width: 14.2857%; height: 23px; text-align: center;\">Mandelieu-la-Napoule<\/td>\n<td style=\"width: 14.2857%; height: 23px; text-align: center;\">700 \u20ac<\/td>\n<td style=\"width: 14.2857%; height: 23px; text-align: center;\">760 \u20ac<\/td>\n<td style=\"width: 14.2857%; height: 23px; text-align: center;\">820 \u20ac<\/td>\n<\/tr>\n<tr style=\"height: 23px;\">\n<td style=\"width: 14.2857%; height: 23px; text-align: center;\">Cannes<\/td>\n<td style=\"width: 14.2857%; height: 23px; text-align: center;\">Th\u00e9oule-sur-Mer\u00a0<\/td>\n<td style=\"width: 14.2857%; height: 23px; text-align: center;\">700 \u20ac<\/td>\n<td style=\"width: 14.2857%; height: 23px; text-align: center;\">760 \u20ac<\/td>\n<td style=\"width: 14.2857%; height: 23px; text-align: center;\">820 \u20ac<\/td>\n<\/tr>\n<tr style=\"height: 23px;\">\n<td style=\"width: 14.2857%; height: 23px; text-align: center;\">Cannes<\/td>\n<td style=\"width: 14.2857%; height: 23px; text-align: center;\">Valbonne<\/td>\n<td style=\"width: 14.2857%; height: 23px; text-align: center;\">700 \u20ac<\/td>\n<td style=\"width: 14.2857%; height: 23px; text-align: center;\">760 \u20ac<\/td>\n<td style=\"width: 14.2857%; height: 23px; text-align: center;\">820 \u20ac<\/td>\n<\/tr>\n<tr style=\"height: 23px;\">\n<td style=\"width: 14.2857%; height: 23px; text-align: center;\">Cannes<\/td>\n<td style=\"width: 14.2857%; height: 23px; text-align: center;\">Vallauris<\/td>\n<td style=\"width: 14.2857%; height: 23px; text-align: center;\">700 \u20ac<\/td>\n<td style=\"width: 14.2857%; height: 23px; text-align: center;\">760 \u20ac<\/td>\n<td style=\"width: 14.2857%; height: 23px; text-align: center;\">820 \u20ac<\/td>\n<\/tr>\n<tr style=\"height: 23px;\">\n<td style=\"width: 14.2857%; height: 23px; text-align: center;\">Cannes<\/td>\n<td style=\"width: 14.2857%; height: 23px; text-align: center;\">Biot<\/td>\n<td style=\"width: 14.2857%; height: 23px; text-align: center;\">700 \u20ac<\/td>\n<td style=\"width: 14.2857%; height: 23px; text-align: center;\">760 \u20ac<\/td>\n<td style=\"width: 14.2857%; height: 23px; text-align: center;\">820 \u20ac<\/td>\n<\/tr>\n<tr style=\"height: 23px;\">\n<td style=\"width: 14.2857%; height: 23px; text-align: center;\">Cannes<\/td>\n<td style=\"width: 14.2857%; height: 23px; text-align: center;\">Saint-Tropez<\/td>\n<td style=\"width: 14.2857%; height: 23px; text-align: center;\">860 \u20ac<\/td>\n<td style=\"width: 14.2857%; height: 23px; text-align: center;\">920 \u20ac<\/td>\n<td style=\"width: 14.2857%; height: 23px; text-align: center;\">980 \u20ac<\/td>\n<\/tr>\n<tr style=\"height: 23px;\">\n<td style=\"width: 14.2857%; height: 23px; text-align: center;\">Cannes<\/td>\n<td style=\"width: 14.2857%; height: 23px; text-align: center;\">Villefranche-sur-Mer<\/td>\n<td style=\"width: 14.2857%; height: 23px; text-align: center;\">700 \u20ac<\/td>\n<td style=\"width: 14.2857%; height: 23px; text-align: center;\">760 \u20ac<\/td>\n<td style=\"width: 14.2857%; height: 23px; text-align: center;\">820 \u20ac<\/td>\n<\/tr>\n<tr style=\"height: 23px;\">\n<td style=\"width: 14.2857%; height: 23px; text-align: center;\">Cannes<\/td>\n<td style=\"width: 14.2857%; height: 23px; text-align: center;\">Menton<\/td>\n<td style=\"width: 14.2857%; height: 23px; text-align: center;\">730 \u20ac<\/td>\n<td style=\"width: 14.2857%; height: 23px; text-align: center;\">790 \u20ac<\/td>\n<td style=\"width: 14.2857%; height: 23px; text-align: center;\">850 \u20ac<\/td>\n<\/tr>\n<\/tbody>\n<\/table>\n<p>&nbsp;<\/p>\n<h2><span class=\"ez-toc-section\" id=\"Lire_davantage\"><\/span>Lire davantage :<span class=\"ez-toc-section-end\"><\/span><\/h2>\n<p>&nbsp;<\/p>\n<p><a href=\"https:\/\/francebus.com\/top-10-des-lieux-a-visiter-a-cannes-en-bus\/\" target=\"_blank\" rel=\"noopener\">Top 10 des lieux \u00e0 visiter \u00e0 Cannes.\u00a0<\/a><\/p>\n<p><a href=\"https:\/\/francebus.com\/excursion-italie-autocar-depuis-cote-dazur\/\" target=\"_blank\" rel=\"noopener\">Excursion en Italie : voyage en autocar depuis la C\u00f4te d&rsquo;Azur.<\/a><\/p>\n<p><a href=\"https:\/\/francebus.com\/top-15-des-lieux-a-visiter-a-antibes-en-autocar\/\" target=\"_blank\" rel=\"noopener\">D\u00e9couvrir le top 15 des lieux \u00e0 visiter \u00e0 Antibes<\/a>.\u00a0<\/p>\n","protected":false},"excerpt":{"rendered":"<p>Organiser une excursion au d\u00e9part de\u00a0Cannes, c\u2019est s\u2019offrir les cl\u00e9s de la C\u00f4te d\u2019Azur. Si la cit\u00e9 des festivals brille par son glamour et sa c\u00e9l\u00e8bre Croisette, elle est surtout le point d\u2019ancrage id\u00e9al pour rayonner vers des tr\u00e9sors insoup\u00e7onn\u00e9s. &nbsp; Que vous soyez un professionnel du tourisme, une entreprise en s\u00e9minaire ou un groupe [&hellip;]<\/p>\n","protected":false},"author":6,"featured_media":7988,"comment_status":"closed","ping_status":"closed","sticky":false,"template":"","format":"standard","meta":{"_jf_save_progress":"","footnotes":""},"categories":[210],"tags":[],"class_list":["post-7969","post","type-post","status-publish","format-standard","has-post-thumbnail","hentry","category-destinations-en-autocar"],"_links":{"self":[{"href":"https:\/\/francebus.com\/en\/wp-json\/wp\/v2\/posts\/7969","targetHints":{"allow":["GET"]}}],"collection":[{"href":"https:\/\/francebus.com\/en\/wp-json\/wp\/v2\/posts"}],"about":[{"href":"https:\/\/francebus.com\/en\/wp-json\/wp\/v2\/types\/post"}],"author":[{"embeddable":true,"href":"https:\/\/francebus.com\/en\/wp-json\/wp\/v2\/users\/6"}],"replies":[{"embeddable":true,"href":"https:\/\/francebus.com\/en\/wp-json\/wp\/v2\/comments?post=7969"}],"version-history":[{"count":10,"href":"https:\/\/francebus.com\/en\/wp-json\/wp\/v2\/posts\/7969\/revisions"}],"predecessor-version":[{"id":8280,"href":"https:\/\/francebus.com\/en\/wp-json\/wp\/v2\/posts\/7969\/revisions\/8280"}],"wp:featuredmedia":[{"embeddable":true,"href":"https:\/\/francebus.com\/en\/wp-json\/wp\/v2\/media\/7988"}],"wp:attachment":[{"href":"https:\/\/francebus.com\/en\/wp-json\/wp\/v2\/media?parent=7969"}],"wp:term":[{"taxonomy":"category","embeddable":true,"href":"https:\/\/francebus.com\/en\/wp-json\/wp\/v2\/categories?post=7969"},{"taxonomy":"post_tag","embeddable":true,"href":"https:\/\/francebus.com\/en\/wp-json\/wp\/v2\/tags?post=7969"}],"curies":[{"name":"wp","href":"https:\/\/api.w.org\/{rel}","templated":true}]}}